{"id":942,"date":"2026-04-29T11:00:00","date_gmt":"2026-04-29T09:00:00","guid":{"rendered":"https:\/\/startco.ro\/newsletter\/?p=942"},"modified":"2026-04-29T09:43:27","modified_gmt":"2026-04-29T07:43:27","slug":"anaf-e-cu-ochii-pe-cheltuielile-auto-tu-esti-in-regula","status":"publish","type":"post","link":"https:\/\/startco.ro\/newsletter\/anaf-e-cu-ochii-pe-cheltuielile-auto-tu-esti-in-regula\/","title":{"rendered":"Ai ma\u0219in\u0103 pe firm\u0103? ANAF e cu ochii pe tine"},"content":{"rendered":"<style>\n  .x-wrapper {\n    -webkit-font-smoothing: antialiased;\n    -moz-osx-font-smoothing: grayscale;\n  }\n  a[x-apple-data-detectors]{\n    word-break:normal;\n  }\n<\/style>\n<div\n  role=\"article\"\n  aria-roledescription=\"email\"\n  aria-label=\"\"\n  lang=\"ro\"\n  dir=\"auto\"\n  style=\"font-size: max(16px, 1rem); color: #000000; background: transparent; line-height: 1.5; font-family: Helvetica, sans-serif; text-align: center; word-break: normal; word-wrap: normal; word-spacing: normal; border: none; outline: none; max-width: 640px; margin: 0 auto;\"\n  class=\"x-wrapper\"\n><\/p>\n<p>  <!-- Ce s-a mai schimbat --><\/p>\n<div style=\"padding: 10px 0px; border: none; outline: none;\">\n<div style=\"max-width: 640px; margin-left: auto; margin-right: auto; border: none; outline: none;\">\n<div style=\"background: #eef0ff; border-radius: 10px; border: none; outline: none;\">\n<div style=\"padding: 20px; overflow: auto; border: none; outline: none;\">\n<h3 style=\"color: #0d1ad8; font-size: 18px; text-align: left; margin: 0px;\">\ud83d\udccb <u>Ce s-a mai schimbat<\/u><\/h3>\n<p style=\"text-align: left; margin: 16px 0;\"><strong>78.000 de persoane au prins bonifica\u021bia de 3%<\/strong><\/p>\n<p style=\"text-align: left; margin: 16px 0;\">Fiscul <a href=\"https:\/\/static.anaf.ro\/static\/3\/Anaf\/20260427120428_com%20414%2027aprilie2026.pdf\" target=\"_blank\" rel=\"noopener noreferrer\" style=\"color:#1038e0;font-weight:400;text-decoration:underline;\">a acordat<\/a> <strong>bonifica\u021bii totale de 43,5 milioane lei<\/strong> pentru <strong>78.322<\/strong> de persoane fizice care au pl\u0103tit anticipat impozitul pe venit \u0219i contribu\u021biile sociale p\u00e2n\u0103 la 15 aprilie.<\/p>\n<p style=\"text-align: left; margin: 16px 0;\">Mai mult, au fost depuse <strong>408.224 de declara\u021bii unice<\/strong>, cu <strong>23,24%<\/strong> mai multe dec\u00e2t \u00een aceea\u0219i perioad\u0103 a anului trecut, iar \u00eencas\u0103rile aferente au crescut cu <strong>2,12 miliarde lei<\/strong>, p\u00e2n\u0103 la <strong>3,04 miliarde lei<\/strong>.<\/p>\n<p style=\"text-align: left; margin: 16px 0;\">Asta \u00eenseamn\u0103 c\u0103 bonifica\u021bia a avut impact real \u0219i s-ar putea s\u0103 influen\u021beze eventuale decizii asem\u0103n\u0103toare \u00een viitor. Iar dac\u0103 e\u0219ti PFA sau freelancer \u0219i ai ratat termenul de 15 aprilie, bonifica\u021bia nu mai e disponibil\u0103 dar termenul mare pentru Declara\u021bia unic\u0103 r\u0103m\u00e2ne <strong>25 mai 2026<\/strong>. Ai pierdut bonusul, <a href=\"https:\/\/startco.ro\/newsletter\/statul-e-riscul-nr-1-in-2026\/#:~:text=Ai%20ratat%20bonifica%C8%9Bia%20de%203%25%3F%20Ai%20pierdut%20reducerea%2C%20nu%20%C8%99i%20termenul%20mare\" target=\"_blank\" rel=\"noopener noreferrer\" style=\"color:#1038e0;font-weight:400;text-decoration:underline;\">nu \u0219i obliga\u021bia<\/a>.<\/p>\n<hr style=\"border-width: 0; border-top: 1px solid #1038e0; margin: 10px 0;\" align=\"center\">\n<p style=\"text-align: left; margin: 16px 0;\"><strong>ANAF clarific\u0103 procedura pentru punctele de lucru cu salaria\u021bi<\/strong><\/p>\n<p style=\"text-align: left; margin: 16px 0;\">ANAF a oficializat procedura pentru <strong>\u00eenregistrarea fiscal\u0103 a sediilor secundare care pl\u0103tesc salarii<\/strong> \u0219i a modificat <strong>formularul 060<\/strong>. Asta \u00eenseamn\u0103 c\u0103 toat\u0103 confuzia din ultima vreme nu mai continu\u0103, iar lucrurile ar trebui, cel pu\u021bin la nivel teoretic, s\u0103 fie mai u\u0219or de urmat.<\/p>\n<p style=\"text-align: left; margin: 16px 0;\">Pe scurt, dup\u0103 schimb\u0103rile din ultimele luni, nu toate punctele de lucru cu angaja\u021bi se mai trateaz\u0103 la fel: dac\u0103 ai mai multe \u00een aceea\u0219i localitate, dar alta dec\u00e2t sediul fiscal al firmei, trebuie desemnat <strong>un singur sediu secundar<\/strong> care s\u0103 le acopere fiscal. \u00cen schimb, punctele de lucru din aceea\u0219i localitate cu domiciliul fiscal al firmei <strong>nu se mai \u00eenregistreaz\u0103 separat<\/strong>.<\/p>\n<p style=\"text-align: left; margin: 16px 0;\">Mai ai timp p\u00e2n\u0103 pe <strong>30 iunie 2026<\/strong> s\u0103 verifici cum le ai \u00eenregistrate fiscal. Dac\u0103 ai magazine, clinici, birouri, depozite sau alte puncte de lucru cu salaria\u021bi, merit\u0103 s\u0103 vezi din timp care dintre ele intr\u0103 \u00een logica de sediu secundar desemnat \u0219i unde nu mai este nevoie de \u00eenregistrare separat\u0103.<\/p>\n<hr style=\"border-width: 0; border-top: 1px solid #1038e0; margin: 10px 0;\" align=\"center\">\n<p style=\"text-align: left; margin: 16px 0;\"><strong>Programul Femeia Antreprenor merge mai departe<\/strong><\/p>\n<p style=\"text-align: left; margin: 16px 0;\">Ministerul Economiei vine \u00een sf\u00e2r\u0219it cu o veste bun\u0103 pentru femeile antreprenor din Rom\u00e2nia: dup\u0103 blocaje peste blocaje cauzate de lipsa finan\u021b\u0103rii, <a href=\"https:\/\/economie.gov.ro\/finantari-de-pana-la-200-000-lei-deblocate-medat-anunta-reluarea-implementarii-programului-femeia-antreprenor\/\" target=\"_blank\" rel=\"noopener noreferrer\" style=\"color:#1038e0;font-weight:400;text-decoration:underline;\">programul<\/a> <strong>Femeia Antreprenor \u2013 edi\u021bia 2024<\/strong> se reia.<\/p>\n<p style=\"text-align: left; margin: 16px 0;\">Vorbim tot despre finan\u021b\u0103ri de p\u00e2n\u0103 la <strong>200.000 lei\/proiect<\/strong>, dar important aici este nu c\u0103 s-a lansat un apel nou, ci c\u0103 se reia procesul pentru edi\u021bia deja deschis\u0103.<\/p>\n<p style=\"text-align: left; margin: 16px 0;\">Calendarul merge mai departe cu pa\u0219ii de evaluare \u0219i contesta\u021bii. Dac\u0103 te-ai \u00eenscris deja, merit\u0103 s\u0103-\u021bi \u021bii dosarul \u0219i situa\u021bia firmei impecabile, pentru c\u0103 programul s-a dezghe\u021bat oficial.<\/p>\n<hr style=\"border-width: 0; border-top: 1px solid #1038e0; margin: 10px 0;\" align=\"center\">\n<p style=\"text-align: left; margin: 16px 0;\"><strong>Cheltuielile auto intr\u0103 tot mai des \u00een zona de risc fiscal<\/strong><\/p>\n<p style=\"text-align: left; margin: 16px 0;\">\u00cen controalele recente, ANAF se uit\u0103 mai atent la tratamentul fiscal al cheltuielilor auto, de la combustibil \u0219i leasing p\u00e2n\u0103 la TVA, impozit pe profit \u0219i, \u00een anumite cazuri, impozit pe venit \u0219i contribu\u021bii salariale.<\/p>\n<p style=\"text-align: left; margin: 16px 0;\"><a href=\"https:\/\/startco.ro\/newsletter\/%f0%9f%94%a5-unde-sufli-acolo-arde-si-alte-lectii-care-costa\/#:~:text=Cum%20pot%20deduce%20cheltuielile%20cu%20carburantul%20pe%20firm%C4%83%3F\" target=\"_blank\" rel=\"noopener noreferrer\" style=\"color:#1038e0;font-weight:400;text-decoration:underline;\">Legisla\u021bia fiscal\u0103 e clar\u0103<\/a> \u00een zona asta: pentru vehiculele care nu sunt utilizate exclusiv \u00een scopul activit\u0103\u021bii economice, regula general\u0103 r\u0103m\u00e2ne <strong>deductibilitatea limitat\u0103 la 50%<\/strong> pentru cheltuielile aferente \u0219i pentru TVA, iar amortizarea este deductibil\u0103 \u00een limita a <strong>1.500 lei\/lun\u0103<\/strong> pentru anumite autoturisme.<\/p>\n<p style=\"text-align: left; margin: 16px 0;\">Dac\u0103 alegi deductibilitate integral\u0103, intri \u00eentr-o zon\u0103 \u00een care documentarea \u0219i coeren\u021ba intern\u0103 conteaz\u0103 mult mai mult. Dar poate mai important e s\u0103 re\u021bii c\u0103, dac\u0103 ai ma\u0219ini pe firm\u0103, nu trebuie s\u0103 tratezi subiectul ca pe un automatism contabil. Mai ales acum, c\u00e2nd controalele se \u00een\u0103spresc.<\/p>\n<\/p><\/div>\n<\/p><\/div>\n<\/p><\/div>\n<\/p><\/div>\n<p>  <!-- StartCo explic\u0103 --><\/p>\n<div style=\"padding: 10px 0px; border: none; outline: none;\">\n<div style=\"max-width: 640px; margin-left: auto; margin-right: auto; border: none; outline: none;\">\n<div style=\"background: #eef0ff; border-radius: 10px; border: none; outline: none;\">\n<div style=\"padding: 20px; overflow: auto; border: none; outline: none;\">\n<h3 style=\"color: #0d1ad8; font-size: 18px; text-align: left; margin: 0px;\">\u23f0 <u>StartCo explic\u0103<\/u><\/h3>\n<p style=\"text-align: left; margin: 16px 0;\"><strong>Cum \u00eenfiin\u021bezi un SRL cu un partener?<\/strong><\/p>\n<p style=\"text-align: left; margin: 16px 0;\">Dac\u0103 te g\u00e2nde\u0219ti s\u0103 \u00eenfiin\u021bezi un SRL al\u0103turi de un prieten, coleg sau doar o cuno\u0219tin\u021b\u0103, trebuie s\u0103 \u0219tii din start c\u0103 asta nu \u00eenseamn\u0103 doar c\u0103 porni\u021bi \u00eempreun\u0103 o firm\u0103 \u0219i at\u00e2t. Ci \u00eenseamn\u0103 \u0219i ni\u0219te lucruri clare de la bun \u00eenceput: <strong>cine intr\u0103 \u00een firm\u0103<\/strong>, <strong>cu ce intr\u0103<\/strong> \u0219i <strong>cum lua\u021bi deciziile<\/strong>.<\/p>\n<p style=\"text-align: left; margin: 16px 0;\"><strong>De ce s\u0103 deschizi un SRL cu un partener \u0219i nu singur?<\/strong><\/p>\n<p style=\"text-align: left; margin: 16px 0;\">De obicei, pentru c\u0103 un partener bun poate s\u0103 vin\u0103 cu:<\/p>\n<ul style=\"text-align: left;\">\n<li>bani sau resurse;<\/li>\n<li>know-how complementar;<\/li>\n<li>execu\u021bie mai rapid\u0103;<\/li>\n<li>\u00eemp\u0103r\u021birea riscului.<\/li>\n<\/ul>\n<p style=\"text-align: left; margin: 16px 0;\"><strong>Cum difer\u0103 fa\u021b\u0103 de un SRL cu asociat unic?<\/strong><\/p>\n<p style=\"text-align: left; margin: 16px 0;\">Lucrurile nu prea difer\u0103 atunci c\u00e2nd vorbim de dosar sau pa\u0219i de urmat. Diferen\u021ba real\u0103 e \u00een <strong>actul constitutiv<\/strong>. Acolo trebuie s\u0103 apar\u0103 clar: cine sunt asocia\u021bii, cine de\u021bine c\u00e2t, cum se \u00eempart beneficiile \u0219i pierderile, cine administreaz\u0103 firma.<\/p>\n<p style=\"text-align: left; margin: 16px 0;\">Dar mai important e <strong>ce trebuie s\u0103 stabili\u021bi \u00eentre voi<\/strong> \u00eenainte s\u0103 depune\u021bi actele:<\/p>\n<ul style=\"text-align: left;\">\n<li>cine este doar asociat \u0219i cine este administrator;<\/li>\n<li>dac\u0103 semneaz\u0103 unul singur sau semna\u021bi \u00eempreun\u0103;<\/li>\n<li>cum lua\u021bi deciziile importante;<\/li>\n<li>cum \u00eemp\u0103r\u021bi\u021bi profitul;<\/li>\n<li>ce se \u00eent\u00e2mpl\u0103 dac\u0103 unul vrea s\u0103 ias\u0103 din firm\u0103.<\/li>\n<\/ul>\n<p style=\"text-align: left; margin: 16px 0;\"><strong>De re\u021binut<\/strong>: asociat nu \u00eenseamn\u0103 automat administrator. Legea spune clar c\u0103 SRL-ul poate fi administrat de unul sau mai mul\u021bi administratori, care pot fi asocia\u021bi sau neasocia\u021bi.<\/p>\n<p style=\"text-align: left; margin: 16px 0;\"><strong>Ce se intampla dac\u0103 unul vrea s\u0103 plece?<\/strong><\/p>\n<p style=\"text-align: left; margin: 16px 0;\">P\u0103r\u021bile sociale se pot transmite \u00eentre asocia\u021bi, dar dac\u0103 unul vrea s\u0103 le dea unei persoane din afara firmei, regula general\u0103 este c\u0103 ai nevoie de aprobarea asocia\u021bilor care reprezint\u0103 cel pu\u021bin trei p\u0103trimi din capitalul social. Retragerea din firm\u0103 exist\u0103 \u0219i ea \u00een lege, dar e mult mai s\u0103n\u0103tos s\u0103 ave\u021bi regulile astea discutate \u00eenainte, nu dup\u0103 primul conflict.<\/p>\n<p style=\"text-align: left; margin: 16px 0;\">Dac\u0103 nu pune\u021bi regulile pe mas\u0103 de la \u00eenceput, s-ar putea s\u0103 v\u0103 \u00een\u021belege\u021bi perfect la cafea \u0219i foarte prost c\u00e2nd vine vorba de bani, decizii \u0219i ie\u0219irea din firm\u0103.<\/p>\n<\/p><\/div>\n<\/p><\/div>\n<\/p><\/div>\n<\/p><\/div>\n<p>  <!-- Sfatul S\u0103pt\u0103m\u00e2nii --><\/p>\n<div style=\"padding: 10px 0px; border: none; outline: none;\">\n<div style=\"max-width: 640px; margin-left: auto; margin-right: auto; border: none; outline: none;\">\n<div style=\"background: #eef0ff; border-radius: 10px; border: none; outline: none;\">\n<div style=\"padding: 20px; overflow: auto; border: none; outline: none;\">\n<h3 style=\"color: #0d1ad8; font-size: 18px; text-align: left; margin: 0px;\">\ud83d\udca1 <u>Sfatul S\u0103pt\u0103m\u00e2nii<\/u><\/h3>\n<p style=\"text-align: left; margin: 16px 0;\"><strong>De ce ar trebui s\u0103-\u021bi pui clien\u021bii, nu brandul, \u00eentr-o lumin\u0103 bun\u0103<\/strong><\/p>\n<p style=\"text-align: left; margin: 16px 0;\">Toate brandurile vor \u0219i sper\u0103 s\u0103 devin\u0103 virale. Dar \u00een marketing e u\u0219or s\u0103 <strong>confunzi share-ul cu entuziasmul<\/strong>, iar oamenii nu dau share doar pentru c\u0103 le-ai pus un buton sau pentru c\u0103 li s-a cerut. Dau share atunci c\u00e2nd au un motiv personal s\u0103 vorbeasc\u0103 despre tine, atunci c\u00e2nd produsul le ofer\u0103 o poveste care \u00eei pune pe ei \u00eentr-o lumin\u0103 bun\u0103 \u0219i care merit\u0103 trimis\u0103 mai departe f\u0103r\u0103 s\u0103 par\u0103 reclam\u0103.<\/p>\n<p style=\"text-align: left; margin: 16px 0;\">Dropbox <strong>nu a cerut<\/strong> utilizatorilor s\u0103 fie ambasadori. A pus share-ul exact \u00een locul unde utilizatorul sim\u021bea valoarea: spa\u021biu de stocare \u00een plus, imediat, \u00een schimbul unei invita\u021bii. \u00cen momentul \u0103la, invita\u021bia nu mai e promovare, e un <strong>schimb echitabil<\/strong> \u00een moneda produsului.<\/p>\n<p style=\"text-align: left; margin: 16px 0;\">Pago e un alt exemplu de la noi care \u00ee\u021bi d\u0103 un link de referral \u0219i puncte bonus pentru tine \u0219i pentru prietenii t\u0103i. Mesajul implicit este simplu: <em>uite ceva util \u0219i am\u00e2ndoi c\u00e2\u0219tig\u0103m<\/em>. Dac\u0103 nu ar exista rezultatul ini\u021bial (timp economisit, pl\u0103\u021bi simplificate), invita\u021bia ar suna ca o campanie. \u00cen context, <strong>sun\u0103 ca un favor<\/strong>.<\/p>\n<p style=\"text-align: left; margin: 16px 0;\">Ce trebuie s\u0103 \u00een\u021belegi din exemplele de mai sus e c\u0103 momentul de share nu se construie\u0219te dintr-un incentive mare, ci dintr-un rezultat mic, clar \u0219i repetabil, care merit\u0103 ar\u0103tat. Incentive-ul doar accelereaz\u0103 <strong>ceva ce deja are sens<\/strong>.<\/p>\n<p style=\"text-align: left; margin: 16px 0;\">A\u0219a c\u0103 f\u0103 momentul t\u0103u de share imposibil de ratat \u0219i ridicol de u\u0219or, fix la 10 secunde dup\u0103 prima victorie a clientului, cu un singur click \u0219i un mesaj precompletat care <strong>pune clientul \u00een valoare,&nbsp;<\/strong>nu brandul t\u0103u. Exagereaz\u0103-l \u00een sens pozitiv.<\/p>\n<p style=\"text-align: left; margin: 16px 0;\">Share-ul nu e o cerere, e o continuare a succesului. Este un comportament pe care \u00eel declan\u0219ezi prin design. Iar asta e esen\u021ba buclei virale: produsul devine canal de distribu\u021bie, nu doar ce se \u00eent\u00e2mpl\u0103 <em>dup\u0103 marketing<\/em>.<\/p>\n<\/p><\/div>\n<\/p><\/div>\n<\/p><\/div>\n<\/p><\/div>\n<p>  <!-- Pe lista noastr\u0103 --><\/p>\n<div style=\"padding: 10px 0px; border: none; outline: none;\">\n<div style=\"max-width: 640px; margin-left: auto; margin-right: auto; border: none; outline: none;\">\n<div style=\"background: #eef0ff; border-radius: 10px; border: none; outline: none;\">\n<div style=\"padding: 20px; overflow: auto; border: none; outline: none;\">\n<h3 style=\"color: #0d1ad8; font-size: 18px; text-align: left; margin: 0px;\">\ud83d\udcda <u>Pe lista noastr\u0103<\/u><\/h3>\n<p style=\"text-align: left; margin: 16px 0;\">\ud83d\udcf0 Cum ar putea ar\u0103ta <a href=\"https:\/\/betterfuturesromania.substack.com\/p\/patru-viitoruri-ale-muncii-in-romania\" target=\"_blank\" rel=\"noopener noreferrer\" style=\"color:#1038e0;font-weight:400;text-decoration:underline;\">munca \u00een Rom\u00e2nia<\/a> \u00een urm\u0103torii ani?<\/p>\n<p style=\"text-align: left; margin: 16px 0;\">\ud83d\udcd8 Atunci c\u00e2nd ai un produs bun, dar nu e \u00eenc\u0103 clar de ce ar trebui ales, <a href=\"https:\/\/www.goodreads.com\/en\/book\/show\/45166937-obviously-awesome\" target=\"_blank\" rel=\"noopener noreferrer\" style=\"color:#1038e0;font-weight:400;text-decoration:underline;\">diferen\u021ba o face pozi\u021bionarea<\/a>.<\/p>\n<p style=\"text-align: left; margin: 16px 0;\">\ud83d\udd8a\ufe0f Maturizarea \u00eencepe c\u00e2nd businessul <a href=\"https:\/\/stratechery.com\/2026\/tim-cooks-impeccable-timing\/\" target=\"_blank\" rel=\"noopener noreferrer\" style=\"color:#1038e0;font-weight:400;text-decoration:underline;\">nu mai depinde<\/a> doar de carisma fondatorului.<\/p>\n<p style=\"text-align: left; margin: 16px 0;\">\ud83c\udfa7 <a href=\"https:\/\/podcasts.apple.com\/in\/podcast\/how-do-you-support-founder-led-sales-benedikt-meuthen\/id1645157652?i=1000763225103\" target=\"_blank\" rel=\"noopener noreferrer\" style=\"color:#1038e0;font-weight:400;text-decoration:underline;\">Un sales ops bun<\/a> poate face diferen\u021ba dintre cre\u0219tere \u0219i haos.<\/p>\n<p style=\"text-align: left; margin: 16px 0;\">\ud83c\udfa5 Cum treci de limita \u00een care <a href=\"https:\/\/thefutur.com\/watch\/creative-studio-roadmap-talent-limit\" target=\"_blank\" rel=\"noopener noreferrer\" style=\"color:#1038e0;font-weight:400;text-decoration:underline;\">cre\u0219terea se opre\u0219te<\/a> pentru c\u0103 totul depinde de talentul, timpul \u0219i prezen\u021ba ta<\/p>\n<\/p><\/div>\n<\/p><\/div>\n<\/p><\/div>\n<\/p><\/div>\n<p>  <!-- Un g\u00e2nd de final --><\/p>\n<div style=\"padding: 10px 0px; border: none; outline: none;\">\n<div style=\"max-width: 640px; margin-left: auto; margin-right: auto; border: none; outline: none;\">\n<div style=\"background: #ffcc80; border-radius: 10px; border: none; outline: none;\">\n<div style=\"padding: 20px; overflow: auto; border: none; outline: none;\">\n<h3 style=\"color: #0d1ad8; font-size: 18px; text-align: left; margin: 0px;\">\ud83d\udcad <u>Un g\u00e2nd de final<\/u><\/h3>\n<p style=\"text-align: left; margin: 16px 0;\"><em><strong>\u201eContrar credin\u021bei populare, experien\u021ba mea mi-a ar\u0103tat c\u0103 oamenii care sunt excep\u021bional de buni \u00een business nu sunt a\u0219a din cauza a ceea ce \u0219tiu, ci din cauza nevoii lor nes\u0103\u021bioase de a \u0219ti mai mult.&#8221; \u2013 Michael E. Gerber<\/strong><\/em><\/p>\n<p style=\"text-align: left; margin: 16px 0;\">\u00cen afaceri, <strong>stagnarea<\/strong> nu vine doar din lips\u0103 de informa\u021bie. Vine \u0219i dintr-un <strong>reflex periculos<\/strong>: s\u0103 \u00ee\u021bi aperi ceea ce crezi c\u0103 \u0219tii, chiar \u0219i c\u00e2nd realitatea \u00ee\u021bi schimb\u0103 jocul.<\/p>\n<p style=\"text-align: left; margin: 16px 0;\">Antreprenorii cu adev\u0103rat buni nu \u00eenchid repede subiectul. \u00cel redeschid mereu cu <strong>\u00eentreb\u0103ri mai bune<\/strong> iar curiozitatea devine, din tr\u0103s\u0103tur\u0103 de personalitate, chiar avantaj competitiv.<\/p>\n<\/p><\/div>\n<\/p><\/div>\n<\/p><\/div>\n<\/p><\/div>\n<\/div>\n","protected":false},"excerpt":{"rendered":"<p>Plus: Procedura pentru sediile secundare e oficial\u0103, Femeia Antreprenor e live din nou \u0219i cum deschizi un SRL cu un partener<\/p>\n","protected":false},"author":4,"featured_media":0,"comment_status":"closed","ping_status":"open","sticky":false,"template":"","format":"standard","meta":{"_acf_changed":false,"_kad_post_transparent":"","_kad_post_title":"","_kad_post_layout":"","_kad_post_sidebar_id":"","_kad_post_content_style":"","_kad_post_vertical_padding":"","_kad_post_feature":"","_kad_post_feature_position":"","_kad_post_header":false,"_kad_post_footer":false,"footnotes":""},"categories":[1],"tags":[],"class_list":["post-942","post","type-post","status-publish","format-standard","hentry","category-blog"],"acf":[],"yoast_head":"<!-- This site is optimized with the Yoast SEO Premium plugin v25.5 (Yoast SEO v26.8) - https:\/\/yoast.com\/product\/yoast-seo-premium-wordpress\/ -->\n<title>Ai ma\u0219in\u0103 pe firm\u0103? ANAF e cu ochii pe tine | StartCo Newsletter<\/title>\n<meta name=\"robots\" content=\"index, follow, max-snippet:-1, max-image-preview:large, max-video-preview:-1\" \/>\n<link rel=\"canonical\" href=\"https:\/\/startco.ro\/newsletter\/anaf-e-cu-ochii-pe-cheltuielile-auto-tu-esti-in-regula\/\" \/>\n<meta property=\"og:locale\" content=\"ro_RO\" \/>\n<meta property=\"og:type\" content=\"article\" \/>\n<meta property=\"og:title\" content=\"Ai ma\u0219in\u0103 pe firm\u0103? ANAF e cu ochii pe tine\" \/>\n<meta property=\"og:description\" content=\"Plus: Procedura pentru sediile secundare e oficial\u0103, Femeia Antreprenor e live din nou \u0219i cum deschizi un SRL cu un partener\" \/>\n<meta property=\"og:url\" content=\"https:\/\/startco.ro\/newsletter\/anaf-e-cu-ochii-pe-cheltuielile-auto-tu-esti-in-regula\/\" \/>\n<meta property=\"og:site_name\" content=\"StartCo\" \/>\n<meta property=\"article:published_time\" content=\"2026-04-29T09:00:00+00:00\" \/>\n<meta property=\"og:image\" content=\"https:\/\/startco.ro\/newsletter\/wp-content\/uploads\/2025\/04\/group-8-67ff5b86798e232a7601e31f-@2x.webp\" \/>\n\t<meta property=\"og:image:width\" content=\"2348\" \/>\n\t<meta property=\"og:image:height\" content=\"1837\" \/>\n\t<meta property=\"og:image:type\" content=\"image\/webp\" \/>\n<meta name=\"author\" content=\"Vlad\" \/>\n<meta name=\"twitter:card\" content=\"summary_large_image\" \/>\n<meta name=\"twitter:label1\" content=\"Scris de\" \/>\n\t<meta name=\"twitter:data1\" content=\"Vlad\" \/>\n\t<meta name=\"twitter:label2\" content=\"Timp estimat pentru citire\" \/>\n\t<meta name=\"twitter:data2\" content=\"8 minute\" \/>\n<script type=\"application\/ld+json\" class=\"yoast-schema-graph\">{\"@context\":\"https:\/\/schema.org\",\"@graph\":[{\"@type\":\"Article\",\"@id\":\"https:\/\/startco.ro\/newsletter\/anaf-e-cu-ochii-pe-cheltuielile-auto-tu-esti-in-regula\/#article\",\"isPartOf\":{\"@id\":\"https:\/\/startco.ro\/newsletter\/anaf-e-cu-ochii-pe-cheltuielile-auto-tu-esti-in-regula\/\"},\"author\":{\"name\":\"Vlad\",\"@id\":\"https:\/\/startco.ro\/newsletter\/#\/schema\/person\/84032f6cb88d0064e3e45bde5b59bdab\"},\"headline\":\"Ai ma\u0219in\u0103 pe firm\u0103? ANAF e cu ochii pe tine\",\"datePublished\":\"2026-04-29T09:00:00+00:00\",\"mainEntityOfPage\":{\"@id\":\"https:\/\/startco.ro\/newsletter\/anaf-e-cu-ochii-pe-cheltuielile-auto-tu-esti-in-regula\/\"},\"wordCount\":1465,\"publisher\":{\"@id\":\"https:\/\/startco.ro\/newsletter\/#organization\"},\"articleSection\":[\"Blog\"],\"inLanguage\":\"ro-RO\"},{\"@type\":\"WebPage\",\"@id\":\"https:\/\/startco.ro\/newsletter\/anaf-e-cu-ochii-pe-cheltuielile-auto-tu-esti-in-regula\/\",\"url\":\"https:\/\/startco.ro\/newsletter\/anaf-e-cu-ochii-pe-cheltuielile-auto-tu-esti-in-regula\/\",\"name\":\"Ai ma\u0219in\u0103 pe firm\u0103? ANAF e cu ochii pe tine | StartCo Newsletter\",\"isPartOf\":{\"@id\":\"https:\/\/startco.ro\/newsletter\/#website\"},\"datePublished\":\"2026-04-29T09:00:00+00:00\",\"breadcrumb\":{\"@id\":\"https:\/\/startco.ro\/newsletter\/anaf-e-cu-ochii-pe-cheltuielile-auto-tu-esti-in-regula\/#breadcrumb\"},\"inLanguage\":\"ro-RO\",\"potentialAction\":[{\"@type\":\"ReadAction\",\"target\":[\"https:\/\/startco.ro\/newsletter\/anaf-e-cu-ochii-pe-cheltuielile-auto-tu-esti-in-regula\/\"]}]},{\"@type\":\"BreadcrumbList\",\"@id\":\"https:\/\/startco.ro\/newsletter\/anaf-e-cu-ochii-pe-cheltuielile-auto-tu-esti-in-regula\/#breadcrumb\",\"itemListElement\":[{\"@type\":\"ListItem\",\"position\":1,\"name\":\"Prima pagin\u0103\",\"item\":\"https:\/\/startco.ro\/newsletter\/\"},{\"@type\":\"ListItem\",\"position\":2,\"name\":\"Ai ma\u0219in\u0103 pe firm\u0103? ANAF e cu ochii pe tine\"}]},{\"@type\":\"WebSite\",\"@id\":\"https:\/\/startco.ro\/newsletter\/#website\",\"url\":\"https:\/\/startco.ro\/newsletter\/\",\"name\":\"StartCo\",\"description\":\"Newsletter-ul #1 pentru antreprenorii care vor s\u0103 fie cu un pas \u00eenainte\",\"publisher\":{\"@id\":\"https:\/\/startco.ro\/newsletter\/#organization\"},\"potentialAction\":[{\"@type\":\"SearchAction\",\"target\":{\"@type\":\"EntryPoint\",\"urlTemplate\":\"https:\/\/startco.ro\/newsletter\/?s={search_term_string}\"},\"query-input\":{\"@type\":\"PropertyValueSpecification\",\"valueRequired\":true,\"valueName\":\"search_term_string\"}}],\"inLanguage\":\"ro-RO\"},{\"@type\":\"Organization\",\"@id\":\"https:\/\/startco.ro\/newsletter\/#organization\",\"name\":\"StartCo\",\"url\":\"https:\/\/startco.ro\/newsletter\/\",\"logo\":{\"@type\":\"ImageObject\",\"inLanguage\":\"ro-RO\",\"@id\":\"https:\/\/startco.ro\/newsletter\/#\/schema\/logo\/image\/\",\"url\":\"https:\/\/startco.ro\/newsletter\/wp-content\/uploads\/2025\/07\/1.png\",\"contentUrl\":\"https:\/\/startco.ro\/newsletter\/wp-content\/uploads\/2025\/07\/1.png\",\"width\":1902,\"height\":1660,\"caption\":\"StartCo\"},\"image\":{\"@id\":\"https:\/\/startco.ro\/newsletter\/#\/schema\/logo\/image\/\"},\"description\":\"Newsletter-ul #1 pentru antreprenorii care vor s\u0103 fie cu un pas \u00eenainte Deadline-uri fiscale, modific\u0103ri legislative, oportunit\u0103\u021bi de business \u0219i sfaturi care te ajut\u0103 s\u0103 iei decizii bune pentru firma ta. Simplu, clar \u0219i aplicat \u2014 trimis s\u0103pt\u0103m\u00e2nal, direct \u00een inbox.\",\"email\":\"newsletter@startco.ro\",\"telephone\":\"0371 700 410\",\"legalName\":\"StartCo\",\"numberOfEmployees\":{\"@type\":\"QuantitativeValue\",\"minValue\":\"51\",\"maxValue\":\"200\"}},{\"@type\":\"Person\",\"@id\":\"https:\/\/startco.ro\/newsletter\/#\/schema\/person\/84032f6cb88d0064e3e45bde5b59bdab\",\"name\":\"Vlad\",\"image\":{\"@type\":\"ImageObject\",\"inLanguage\":\"ro-RO\",\"@id\":\"https:\/\/startco.ro\/newsletter\/#\/schema\/person\/image\/\",\"url\":\"https:\/\/secure.gravatar.com\/avatar\/a6d0274bb3672c40205fe464c36fb6ba?s=96&d=mm&r=g\",\"contentUrl\":\"https:\/\/secure.gravatar.com\/avatar\/a6d0274bb3672c40205fe464c36fb6ba?s=96&d=mm&r=g\",\"caption\":\"Vlad\"},\"url\":\"https:\/\/startco.ro\/newsletter\/author\/vlad\/\"}]}<\/script>\n<!-- \/ Yoast SEO Premium plugin. -->","yoast_head_json":{"title":"Ai ma\u0219in\u0103 pe firm\u0103? ANAF e cu ochii pe tine | StartCo Newsletter","robots":{"index":"index","follow":"follow","max-snippet":"max-snippet:-1","max-image-preview":"max-image-preview:large","max-video-preview":"max-video-preview:-1"},"canonical":"https:\/\/startco.ro\/newsletter\/anaf-e-cu-ochii-pe-cheltuielile-auto-tu-esti-in-regula\/","og_locale":"ro_RO","og_type":"article","og_title":"Ai ma\u0219in\u0103 pe firm\u0103? ANAF e cu ochii pe tine","og_description":"Plus: Procedura pentru sediile secundare e oficial\u0103, Femeia Antreprenor e live din nou \u0219i cum deschizi un SRL cu un partener","og_url":"https:\/\/startco.ro\/newsletter\/anaf-e-cu-ochii-pe-cheltuielile-auto-tu-esti-in-regula\/","og_site_name":"StartCo","article_published_time":"2026-04-29T09:00:00+00:00","og_image":[{"width":2348,"height":1837,"url":"https:\/\/startco.ro\/newsletter\/wp-content\/uploads\/2025\/04\/group-8-67ff5b86798e232a7601e31f-@2x.webp","type":"image\/webp"}],"author":"Vlad","twitter_card":"summary_large_image","twitter_misc":{"Scris de":"Vlad","Timp estimat pentru citire":"8 minute"},"schema":{"@context":"https:\/\/schema.org","@graph":[{"@type":"Article","@id":"https:\/\/startco.ro\/newsletter\/anaf-e-cu-ochii-pe-cheltuielile-auto-tu-esti-in-regula\/#article","isPartOf":{"@id":"https:\/\/startco.ro\/newsletter\/anaf-e-cu-ochii-pe-cheltuielile-auto-tu-esti-in-regula\/"},"author":{"name":"Vlad","@id":"https:\/\/startco.ro\/newsletter\/#\/schema\/person\/84032f6cb88d0064e3e45bde5b59bdab"},"headline":"Ai ma\u0219in\u0103 pe firm\u0103? ANAF e cu ochii pe tine","datePublished":"2026-04-29T09:00:00+00:00","mainEntityOfPage":{"@id":"https:\/\/startco.ro\/newsletter\/anaf-e-cu-ochii-pe-cheltuielile-auto-tu-esti-in-regula\/"},"wordCount":1465,"publisher":{"@id":"https:\/\/startco.ro\/newsletter\/#organization"},"articleSection":["Blog"],"inLanguage":"ro-RO"},{"@type":"WebPage","@id":"https:\/\/startco.ro\/newsletter\/anaf-e-cu-ochii-pe-cheltuielile-auto-tu-esti-in-regula\/","url":"https:\/\/startco.ro\/newsletter\/anaf-e-cu-ochii-pe-cheltuielile-auto-tu-esti-in-regula\/","name":"Ai ma\u0219in\u0103 pe firm\u0103? ANAF e cu ochii pe tine | StartCo Newsletter","isPartOf":{"@id":"https:\/\/startco.ro\/newsletter\/#website"},"datePublished":"2026-04-29T09:00:00+00:00","breadcrumb":{"@id":"https:\/\/startco.ro\/newsletter\/anaf-e-cu-ochii-pe-cheltuielile-auto-tu-esti-in-regula\/#breadcrumb"},"inLanguage":"ro-RO","potentialAction":[{"@type":"ReadAction","target":["https:\/\/startco.ro\/newsletter\/anaf-e-cu-ochii-pe-cheltuielile-auto-tu-esti-in-regula\/"]}]},{"@type":"BreadcrumbList","@id":"https:\/\/startco.ro\/newsletter\/anaf-e-cu-ochii-pe-cheltuielile-auto-tu-esti-in-regula\/#breadcrumb","itemListElement":[{"@type":"ListItem","position":1,"name":"Prima pagin\u0103","item":"https:\/\/startco.ro\/newsletter\/"},{"@type":"ListItem","position":2,"name":"Ai ma\u0219in\u0103 pe firm\u0103? ANAF e cu ochii pe tine"}]},{"@type":"WebSite","@id":"https:\/\/startco.ro\/newsletter\/#website","url":"https:\/\/startco.ro\/newsletter\/","name":"StartCo","description":"Newsletter-ul #1 pentru antreprenorii care vor s\u0103 fie cu un pas \u00eenainte","publisher":{"@id":"https:\/\/startco.ro\/newsletter\/#organization"},"potentialAction":[{"@type":"SearchAction","target":{"@type":"EntryPoint","urlTemplate":"https:\/\/startco.ro\/newsletter\/?s={search_term_string}"},"query-input":{"@type":"PropertyValueSpecification","valueRequired":true,"valueName":"search_term_string"}}],"inLanguage":"ro-RO"},{"@type":"Organization","@id":"https:\/\/startco.ro\/newsletter\/#organization","name":"StartCo","url":"https:\/\/startco.ro\/newsletter\/","logo":{"@type":"ImageObject","inLanguage":"ro-RO","@id":"https:\/\/startco.ro\/newsletter\/#\/schema\/logo\/image\/","url":"https:\/\/startco.ro\/newsletter\/wp-content\/uploads\/2025\/07\/1.png","contentUrl":"https:\/\/startco.ro\/newsletter\/wp-content\/uploads\/2025\/07\/1.png","width":1902,"height":1660,"caption":"StartCo"},"image":{"@id":"https:\/\/startco.ro\/newsletter\/#\/schema\/logo\/image\/"},"description":"Newsletter-ul #1 pentru antreprenorii care vor s\u0103 fie cu un pas \u00eenainte Deadline-uri fiscale, modific\u0103ri legislative, oportunit\u0103\u021bi de business \u0219i sfaturi care te ajut\u0103 s\u0103 iei decizii bune pentru firma ta. Simplu, clar \u0219i aplicat \u2014 trimis s\u0103pt\u0103m\u00e2nal, direct \u00een inbox.","email":"newsletter@startco.ro","telephone":"0371 700 410","legalName":"StartCo","numberOfEmployees":{"@type":"QuantitativeValue","minValue":"51","maxValue":"200"}},{"@type":"Person","@id":"https:\/\/startco.ro\/newsletter\/#\/schema\/person\/84032f6cb88d0064e3e45bde5b59bdab","name":"Vlad","image":{"@type":"ImageObject","inLanguage":"ro-RO","@id":"https:\/\/startco.ro\/newsletter\/#\/schema\/person\/image\/","url":"https:\/\/secure.gravatar.com\/avatar\/a6d0274bb3672c40205fe464c36fb6ba?s=96&d=mm&r=g","contentUrl":"https:\/\/secure.gravatar.com\/avatar\/a6d0274bb3672c40205fe464c36fb6ba?s=96&d=mm&r=g","caption":"Vlad"},"url":"https:\/\/startco.ro\/newsletter\/author\/vlad\/"}]}},"_links":{"self":[{"href":"https:\/\/startco.ro\/newsletter\/wp-json\/wp\/v2\/posts\/942","targetHints":{"allow":["GET"]}}],"collection":[{"href":"https:\/\/startco.ro\/newsletter\/wp-json\/wp\/v2\/posts"}],"about":[{"href":"https:\/\/startco.ro\/newsletter\/wp-json\/wp\/v2\/types\/post"}],"author":[{"embeddable":true,"href":"https:\/\/startco.ro\/newsletter\/wp-json\/wp\/v2\/users\/4"}],"replies":[{"embeddable":true,"href":"https:\/\/startco.ro\/newsletter\/wp-json\/wp\/v2\/comments?post=942"}],"version-history":[{"count":9,"href":"https:\/\/startco.ro\/newsletter\/wp-json\/wp\/v2\/posts\/942\/revisions"}],"predecessor-version":[{"id":951,"href":"https:\/\/startco.ro\/newsletter\/wp-json\/wp\/v2\/posts\/942\/revisions\/951"}],"wp:attachment":[{"href":"https:\/\/startco.ro\/newsletter\/wp-json\/wp\/v2\/media?parent=942"}],"wp:term":[{"taxonomy":"category","embeddable":true,"href":"https:\/\/startco.ro\/newsletter\/wp-json\/wp\/v2\/categories?post=942"},{"taxonomy":"post_tag","embeddable":true,"href":"https:\/\/startco.ro\/newsletter\/wp-json\/wp\/v2\/tags?post=942"}],"curies":[{"name":"wp","href":"https:\/\/api.w.org\/{rel}","templated":true}]}}