{"id":879,"date":"2026-03-18T11:00:00","date_gmt":"2026-03-18T09:00:00","guid":{"rendered":"https:\/\/startco.ro\/newsletter\/?p=879"},"modified":"2026-03-18T11:05:49","modified_gmt":"2026-03-18T09:05:49","slug":"cum-revii-la-micro-in-2026","status":"publish","type":"post","link":"https:\/\/startco.ro\/newsletter\/cum-revii-la-micro-in-2026\/","title":{"rendered":"Mai ai 2 s\u0103pt\u0103m\u00e2ni s\u0103 treci la micro"},"content":{"rendered":"<style>\n  .x-wrapper {\n    -webkit-font-smoothing: antialiased;\n    -moz-osx-font-smoothing: grayscale;\n  }\n  a[x-apple-data-detectors]{\n    word-break:normal;\n  }\n<\/style>\n<style>\n  .newsletter-container {\n    font-size: max(16px, 1rem);\n    color: #000000;\n    background: transparent;\n    line-height: 1.5;\n    font-family: Helvetica, sans-serif;\n    text-align: center;\n    word-break: normal;\n    word-wrap: normal;\n    word-spacing: normal;\n    border: none;\n    outline: none;\n    max-width: 680px;\n    margin: 0 auto;\n  }\n  .newsletter-container div {\n    border: none;\n    outline: none;\n  }\n<\/style>\n<div class=\"newsletter-container x-wrapper\">\n<p>  <!-- Ce s-a mai schimbat --><\/p>\n<div style=\"padding: 10px 0px;\">\n<div style=\"max-width: 640px; margin-left: auto; margin-right: auto; border: none; outline: none;\">\n<div style=\"background: #eef0ff; border-radius: 10px; border: none; outline: none;\">\n<div style=\"padding: 20px; overflow: auto; border: none; outline: none;\">\n<h3 style=\"color: #0d1ad8; font-size: 18px; text-align: left; margin: 0px;\">\ud83d\udccb <u>Ce s-a mai schimbat<\/u><\/h3>\n<p style=\"text-align: left; margin: 16px 0;\"><strong>Salariul minim cre\u0219te de la 1 iulie 2026 \ud83d\udcc8<\/strong><\/p>\n<p style=\"text-align: left; margin: 16px 0;\">De la var\u0103, angaja\u021bii pe salariul minim vor c\u00e2\u0219tiga pu\u021bin mai mult. Guvernul a aprobat majorarea de la <strong>4.050 lei<\/strong> la <strong>4.325 lei<\/strong> brut pe lun\u0103, cu intrare \u00een vigoare pe 1 iulie 2026.<\/p>\n<p style=\"text-align: left; margin: 16px 0;\">Asta \u00eenseamn\u0103 o cre\u0219tere de 6,8%, adic\u0103 vreo <strong>275 lei brut \u00een plus<\/strong>. Dar \u00eenainte s\u0103 te bucuri sau s\u0103 te \u00eengrijorezi: net, diferen\u021ba e mai mic\u0103 dec\u00e2t pare.<\/p>\n<p style=\"text-align: left; margin: 16px 0;\">Odat\u0103 cu majorarea, <strong>scade \u0219i suma netaxabil\u0103<\/strong> de la 300 lei la 200 lei pe lun\u0103, deci angajatul vede \u00een cont cam 125 lei \u00een plus fa\u021b\u0103 de acum.<\/p>\n<p style=\"text-align: left; margin: 16px 0;\"><strong>\ud83d\udccc <\/strong>Dac\u0103 ai oameni pe salariul minim, costul t\u0103u lunar va cre\u0219te. Mai ai timp p\u00e2n\u0103 pe 1 iulie, dar nu-l irosi. <strong>Noteaz\u0103-\u021bi \u00een calendar<\/strong>: ai nevoie de un act adi\u021bional \u0219i de transmiterea \u00een Reges, deci nu l\u0103sa totul pentru 30 iunie.<\/p>\n<div style=\"margin: 10px 0px; border: none; outline: none;\">\n<hr style=\"border-width: 0; border-top: 1px solid #1038e0; margin-top: 0; margin-bottom: 0;\" align=\"center\">\n          <\/div>\n<p style=\"text-align: left; margin: 16px 0;\"><strong>P\u00e2n\u0103 c\u00e2nd mai ai timp s\u0103 revii la micro \u23f0<\/strong><\/p>\n<p style=\"text-align: left; margin: 16px 0;\">Dac\u0103 anul trecut ai fost la impozit pe profit, dar anul acesta <strong>vrei s\u0103 treci la micro<\/strong>, dup\u0103 noile reguli po\u021bi face asta. Dar condi\u021bia de baz\u0103 e s\u0103 fi \u00eendeplinit <strong>criteriile de eligibilitate<\/strong> pentru micro la 31 decembrie 2025.<\/p>\n<p style=\"text-align: left; margin: 16px 0;\">Po\u021bi redepune declara\u021bia \u0219i reveni la regimul micro <strong>p\u00e2n\u0103 pe 31 martie 2026<\/strong>, indiferent de regimul pe care l-ai avut anterior. Dar cel mai bine ar fi s\u0103 faci un call rapid cu contabilul \u0219i s\u0103 analiza\u021bi op\u021biunile.<\/p>\n<p style=\"text-align: left; margin: 16px 0;\">Nu e complicat, dar termenul este fix. Dup\u0103 31 martie, fereastra se \u00eenchide.<\/p>\n<div style=\"margin: 10px 0px; border: none; outline: none;\">\n<hr style=\"border-width: 0; border-top: 1px solid #1038e0; margin-top: 0; margin-bottom: 0;\" align=\"center\">\n          <\/div>\n<p style=\"text-align: left; margin: 16px 0;\"><strong>ANAF vrea s\u0103 te avertizeze din timp dac\u0103 aduni prea multe datorii<\/strong><\/p>\n<p style=\"text-align: left; margin: 16px 0;\">ANAF lucreaz\u0103 la un <a href=\"https:\/\/www.anaf.ro\/anaf\/internet\/ANAF\/transparenta_decizionala?utm_source=chatgpt.com#:~:text=11%20martie%202026%C2%A0%7C%C2%A0%20Detalii%20proiect%0AProiect%20de%20ordin%20al%20pre%C8%99edintelui%20ANAF%20pentru%20aprobarea%20Procedurii%20de%20comunicare%20a%20notific%C4%83rilor%20de%20alert%C4%83%20privind%20ne%C3%AEndeplinirea%20obliga%C8%9Biilor%20bugetare%20de%20plat%C4%83\" target=\"_blank\" style=\"color: #1038e0; font-weight: 400; text-decoration: underline;\">sistem de notific\u0103ri<\/a> timpurii pentru firmele care acumuleaz\u0103 datorii la stat. Practic, \u00een loc s\u0103 afli c\u0103 e\u0219ti \u00een dificultate abia c\u00e2nd vine executorul, vei primi un <strong>semnal oficial prin SPV<\/strong> c\u0103 e momentul s\u0103 ac\u021bionezi.<\/p>\n<p style=\"text-align: left; margin: 16px 0;\">Procedura e deocamdat\u0103 <strong>\u00een stadiul de proiect<\/strong>, dar direc\u021bia e clar\u0103: SPV devine din ce \u00een ce mai mult inbox-ul oficial al firmei tale. Dac\u0103 prime\u0219ti o notificare \u0219i o ignori, costurile cresc rapid, pentru c\u0103 penalit\u0103\u021bile \u0219i popririle nu te a\u0219teapt\u0103.<\/p>\n<p style=\"text-align: left; margin: 16px 0;\">Merit\u0103 s\u0103 \u00ee\u021bi faci deja un obicei: verifici SPV-ul periodic \u0219i, dac\u0103 apare ceva de la ANAF, nu la\u0219i pentru mai t\u00e2rziu.<\/p>\n<div style=\"margin: 10px 0px; border: none; outline: none;\">\n<hr style=\"border-width: 0; border-top: 1px solid #1038e0; margin-top: 0; margin-bottom: 0;\" align=\"center\">\n          <\/div>\n<p style=\"text-align: left; margin: 16px 0;\"><strong>Cum ajungi la toate serviciile publice digitale \u00eentr-un singur loc \ud83d\udda5\ufe0f<\/strong><\/p>\n<p style=\"text-align: left; margin: 16px 0;\">ADR a lansat o prim\u0103 versiune (beta) a platformei <strong>ROePAS<\/strong>, un portal nou care promite <strong>acces centralizat la servicii publice digitale<\/strong> pentru mai toat\u0103 lumea: cet\u0103\u021beni, mediul de afaceri \u0219i institu\u021bii publice.<\/p>\n<p style=\"text-align: left; margin: 16px 0;\">Teoretic, dac\u0103 totul merge bine, ROePAS ar trebui s\u0103 fie locul pe care \u00eel accesezi pentru informa\u021bii, proceduri, depunerea cererilor online, pl\u0103\u021bi \u0219i ob\u021binerea de documente.<\/p>\n<p style=\"text-align: left; margin: 16px 0;\">\u0218i, tot teoretic, \u00een viitor vei putea face din ce \u00een ce mai multe lucruri, \u00een func\u021bie de ce alte servicii mai migreaz\u0103 sau sunt publicate aici de institu\u021biile statului.<\/p>\n<p style=\"text-align: left; margin: 16px 0;\">Deocamdat\u0103, <strong>este \u00eenc\u0103 \u00een faz\u0103 de testare<\/strong>, dar direc\u021bia e bun\u0103. Dac\u0103 vrei s\u0103 vezi cum func\u021bioneaz\u0103, <a href=\"https:\/\/roepas.ro\/ro\/\" target=\"_blank\" style=\"color: #1038e0; font-weight: 400; text-decoration: underline;\">intr\u0103 pe platform\u0103<\/a>, caut\u0103 un serviciu de care chiar ai nevoie (sau o procedur\u0103), vezi c\u00e2t de clar este fluxul \u0219i, dac\u0103 ai feedback, acum este momentul.<\/p>\n<div style=\"margin: 10px 0px; border: none; outline: none;\">\n<hr style=\"border-width: 0; border-top: 1px solid #1038e0; margin-top: 0; margin-bottom: 0;\" align=\"center\">\n          <\/div>\n<p style=\"text-align: left; margin: 16px 0;\"><strong>Granturi \u0219i platforme cu mentorat inclus \ud83d\ude80<\/strong><\/p>\n<p style=\"text-align: left; margin: 16px 0;\">1) UE a lansat <a href=\"https:\/\/agriculture.ec.europa.eu\/overview-vision-agriculture-food\/women-farmers_en?prefLang=ro\" target=\"_blank\" style=\"color: #1038e0; font-weight: 400; text-decoration: underline;\">o nou\u0103 platform\u0103<\/a> pentru femeile din agricultur\u0103. Este o ini\u021biativ\u0103 fain\u0103 care \u00ee\u0219i propune s\u0103 creasc\u0103 num\u0103rul femeilor fermier \u0219i s\u0103 inspire prin promovarea unor modele de urmat \u0219i a mentoratului.<\/p>\n<p style=\"text-align: left; margin: 16px 0;\">Asta \u00eenseamn\u0103 <strong>mai multe oportunit\u0103\u021bi pentru femei \u00een agricultur\u0103<\/strong>, acces la finan\u021bare \u0219i la formare \u0219i, cel mai important, \u00eemp\u0103rt\u0103\u0219irea de cuno\u0219tin\u021be practice \u00een cadrul platformei.<\/p>\n<p style=\"text-align: left; margin: 16px 0;\">2) Dac\u0103 e\u0219ti la \u00eenceput de drum, mai ales \u00een mediul rural sau \u00een ora\u0219ele mici, a ap\u0103rut <a href=\"https:\/\/alaturidevoi.ro\/acceleratorul-de-intreprinderi-sociale-via-transilvanica\/\" target=\"_blank\" style=\"color: #1038e0; font-weight: 400; text-decoration: underline;\">un nou accelerator<\/a> dedicat comunit\u0103\u021bilor de pe traseul Via Transilvanica. Acesta presupune <strong>formare<\/strong>, <strong>mentorat<\/strong> \u0219i <strong>granturi nerambursabile de p\u00e2n\u0103 la 8.000 EUR<\/strong>, iar \u00eenscrierile sunt deschise p\u00e2n\u0103 pe <strong>31 martie 2026<\/strong>.<\/p>\n<p style=\"text-align: left; margin: 16px 0;\">Este g\u00e2ndit pentru idei \u0219i servicii cu impact social pe traseul Via Transilvanica (produc\u0103tori, servicii pentru drume\u021bi, ini\u021biative comunitare etc.) \u0219i nu trebuie s\u0103 ai deja firm\u0103 sau un plan de business foarte bine stabilit.<\/p>\n<\/p><\/div>\n<\/p><\/div>\n<\/p><\/div>\n<\/p><\/div>\n<p>  <!-- Spune-ne parerea ta --><\/p>\n<div style=\"padding: 10px 0px;\">\n<div style=\"max-width: 640px; margin-left: auto; margin-right: auto; border: none; outline: none;\">\n<div style=\"background: #eef0ff; border-radius: 10px; border: none; outline: none;\">\n<div style=\"padding: 20px; overflow: auto; border: none; outline: none;\">\n<h3 style=\"color: #0d1ad8; font-size: 18px; text-align: left; margin: 0px;\">\ud83d\udde3\ufe0f <u>Spune-ne p\u0103rerea ta!<\/u><\/h3>\n<p style=\"text-align: left; margin: 16px 0;\">Cine c\u00e2\u0219tig\u0103 \u00een 2026: <strong>statul sau antreprenorii?<\/strong><\/p>\n<p style=\"text-align: left; margin: 16px 0;\">Ajut\u0103-ne s\u0103 afl\u0103m ce se \u00eent\u00e2mpl\u0103 cu banii afacerilor rom\u00e2ne\u0219ti anul acesta, ce (alte) modific\u0103ri fiscale te mai pot \u00eencurca \u0219i ce faci dac\u0103 \u00eencas\u0103rile \u00eencep s\u0103 scad\u0103.<\/p>\n<div style=\"text-align: center; margin: 8px 0; font-size: 16px; border: none; outline: none;\">\n            <a href=\"https:\/\/startco.survey.fm\/cum-arat\u0103-2026-pentru-mediul-de-afaceri\" target=\"_blank\" style=\"display: inline-block; color: #ffffff; font-family: Helvetica, sans-serif; font-weight: 500; text-decoration: none; text-align: center; background: #1038e0; border-radius: 8px; padding: 10px 20px;\">R\u0103spunde la c\u00e2teva \u00eentreb\u0103ri<\/a>\n          <\/div>\n<\/p><\/div>\n<\/p><\/div>\n<\/p><\/div>\n<\/p><\/div>\n<p>  <!-- StartCo explica --><\/p>\n<div style=\"padding: 10px 0px;\">\n<div style=\"max-width: 640px; margin-left: auto; margin-right: auto; border: none; outline: none;\">\n<div style=\"background: #eef0ff; border-radius: 10px; border: none; outline: none;\">\n<div style=\"padding: 20px; overflow: auto; border: none; outline: none;\">\n<h3 style=\"color: #0d1ad8; font-size: 18px; text-align: left; margin: 0px;\">\u23f0 <u>StartCo explic\u0103<\/u><\/h3>\n<p style=\"text-align: left; margin: 16px 0;\"><strong>Munca \u00een weekend: ce e legal \u0219i ce nu<\/strong><\/p>\n<p style=\"text-align: left; margin: 16px 0;\">Codul muncii nu vorbe\u0219te despre weekend ca atare (\u0219i nici nu \u00eel trateaz\u0103 ca pe un concept special). \u00cen schimb, ce conteaz\u0103 cu adev\u0103rat la nivel legislativ este <strong>repausul s\u0103pt\u0103m\u00e2nal<\/strong>: 2 zile consecutive pe s\u0103pt\u0103m\u00e2n\u0103.<\/p>\n<p style=\"text-align: left; margin: 16px 0;\">Pentru majoritatea angaja\u021bilor, astea sunt s\u00e2mb\u0103ta \u0219i duminica, <strong>dar nu e obligatoriu s\u0103 fie a\u0219a<\/strong>. Spre exemplu, dac\u0103 ai o firm\u0103 \u00een retail, HoReCa, produc\u021bie sau \u00een orice domeniu care cere prezen\u021b\u0103 \u00een weekend, po\u021bi stabili repausul \u00een alte zile, at\u00e2t timp c\u00e2t acestea sunt consecutive \u0219i acest lucru este <strong>prev\u0103zut \u00een contractul de munc\u0103<\/strong> sau <strong>\u00een regulamentul intern<\/strong>.<\/p>\n<p style=\"text-align: left; margin: 16px 0;\"><strong>\ud83d\udea8 Exist\u0103 \u00eens\u0103 un cost<\/strong>: dac\u0103 repausul nu cade s\u00e2mb\u0103ta \u0219i duminica, angajatul are dreptul la un spor salarial. Legea nu \u00ee\u021bi spune c\u00e2t trebuie s\u0103 fie, dar \u00ee\u021bi spune clar c\u0103 el trebuie s\u0103 existe \u0219i s\u0103 fie prev\u0103zut \u00een scris.<\/p>\n<p style=\"text-align: left; margin: 16px 0;\">Munca \u00een weekend <strong>nu \u00eenseamn\u0103 automat ore suplimentare<\/strong>. Un angajat care lucreaz\u0103 de mar\u021bi p\u00e2n\u0103 duminic\u0103 \u0219i are liber luni \u0219i mar\u021bi nu face ore suplimentare, ci pur \u0219i simplu are un program diferit. Orele suplimentare apar doar atunci c\u00e2nd se dep\u0103\u0219e\u0219te durata normal\u0103 s\u0103pt\u0103m\u00e2nal\u0103 \u0219i nu se pot efectua f\u0103r\u0103 acordul angajatului. Compensarea standard const\u0103 \u00een timp liber \u00een termen de 60 de zile sau, dac\u0103 acest lucru nu este posibil, \u00eentr-un spor de minimum 75%.<\/p>\n<p style=\"text-align: left; margin: 16px 0;\"><strong>\u26a0\ufe0f <\/strong>Dar exist\u0103 \u0219i o \u00eentrebare important\u0103 aici: <strong>poate fi concediat cineva care refuz\u0103 s\u0103 lucreze \u00een weekend?<\/strong><\/p>\n<p style=\"text-align: left; margin: 16px 0;\">R\u0103spunsul este c\u0103 depinde. Dac\u0103 programul a fost stabilit clar de la \u00eenceput \u0219i sporul exist\u0103, atunci refuzul de a munci \u00een weekend poate constitui abatere disciplinar\u0103 \u0219i <strong>poate duce la concediere<\/strong>. Pe de alt\u0103 parte, dac\u0103 weekendul a ap\u0103rut \u00een pontaj f\u0103r\u0103 s\u0103 fi fost discutat la angajare, angajatorul <strong>nu poate impune asta<\/strong> f\u0103r\u0103 un act adi\u021bional la contract (iar asta \u00eenseamn\u0103 c\u0103 concedierea iese din discu\u021bie).<\/p>\n<\/p><\/div>\n<\/p><\/div>\n<\/p><\/div>\n<\/p><\/div>\n<p>  <!-- Sfatul Saptamanii --><\/p>\n<div style=\"padding: 10px 0px;\">\n<div style=\"max-width: 640px; margin-left: auto; margin-right: auto; border: none; outline: none;\">\n<div style=\"background: #eef0ff; border-radius: 10px; border: none; outline: none;\">\n<div style=\"padding: 20px; overflow: auto; border: none; outline: none;\">\n<h3 style=\"color: #0d1ad8; font-size: 18px; text-align: left; margin: 0px;\">\ud83d\udca1 <u>Sfatul S\u0103pt\u0103m\u00e2nii<\/u><\/h3>\n<p style=\"text-align: left; margin: 16px 0;\"><strong>Cum transformi un produs \u00eentr-un obicei \ud83d\udd01<\/strong><\/p>\n<p style=\"text-align: left; margin: 16px 0;\">Duolingo poate nu e cea mai bun\u0103 aplica\u021bie de \u00eenv\u0103\u021bat limbi str\u0103ine. Dar are milioane de utilizatori activi zilnic. De ce? Nu pentru c\u0103 a construit un produs bun, ci <strong>pentru c\u0103 a construit un obicei<\/strong>.<\/p>\n<p style=\"text-align: left; margin: 16px 0;\">Dorin\u021ba sau nevoia de a \u00eenv\u0103\u021ba o limb\u0103 nou\u0103 te aduce \u00een aplica\u021bie prima dat\u0103, dar obiceiul te face s\u0103 revii zi dup\u0103 zi. Iar asta e \u0219i <strong>lec\u021bia valoroas\u0103<\/strong> aici: c\u00e2nd produsul t\u0103u devine parte din rutina clientului, reten\u021bia nu mai e ceva pentru care te lup\u021bi, ci apare aproape de la sine.<\/p>\n<p style=\"text-align: left; margin: 16px 0;\">Confirm\u0103 asta Duolingo prin habit engineering, Starbucks cu aplica\u021bia \u0219i programul de rewards, eMAG prin Genius, sau chiar Banca Transilvania prin pl\u0103\u021bi recurente.<\/p>\n<p style=\"text-align: left; margin: 16px 0;\">\u2699\ufe0f Iar c\u00e2nd te ui\u021bi la toate business-urile acestea, efectele sunt evidente: clientul revine mai des, cump\u0103r\u0103 recurent \u0219i recomand\u0103 mai departe. Astfel, costul de achizi\u021bie scade, iar veniturile devin previzibile. \u0218i, poate cel mai important, <strong>afacerea cap\u0103t\u0103 un efect de compunere<\/strong>: \u00een loc s\u0103 alergi mereu dup\u0103 aten\u021bia clien\u021bilor, obiceiul pune o parte din cre\u0219tere pe pilot automat.<\/p>\n<p style=\"text-align: left; margin: 16px 0;\">\u2705 Cum faci asta \u00een practic\u0103? Simplu: <strong>creezi ritmicitate<\/strong>. Un check-in s\u0103pt\u0103m\u00e2nal, un raport lunar, un reminder la momentul potrivit, o livrare automat\u0103 prin abonament. Nu conteaz\u0103 at\u00e2t de mult formatul, ci faptul c\u0103 exist\u0103 un ritm pe care clientul s\u0103-l a\u0219tepte.<\/p>\n<p style=\"text-align: left; margin: 16px 0;\">Dac\u0103 tu nu creezi acel ritm, clientul \u0219i-l va crea singur, de obicei unul mai rar \u0219i mai u\u0219or de \u00eentrerupt. A\u0219a c\u0103 <strong>fii tu cel care seteaz\u0103 frecven\u021ba<\/strong>.<\/p>\n<\/p><\/div>\n<\/p><\/div>\n<\/p><\/div>\n<\/p><\/div>\n<p>  <!-- Pe lista noastra --><\/p>\n<div style=\"padding: 10px 0px;\">\n<div style=\"max-width: 640px; margin-left: auto; margin-right: auto; border: none; outline: none;\">\n<div style=\"background: #eef0ff; border-radius: 10px; border: none; outline: none;\">\n<div style=\"padding: 20px; overflow: auto; border: none; outline: none;\">\n<h3 style=\"color: #0d1ad8; font-size: 18px; text-align: left; margin: 0px;\">\ud83d\udcda <u>Pe lista noastr\u0103<\/u><\/h3>\n<p style=\"text-align: left; margin: 16px 0;\">\ud83c\udfa4 Ai un site, blog, sau magazin online? Atunci <a href=\"https:\/\/www.meetup.com\/bucharest-wordpress-meetup\/events\/313306582\/?eventOrigin=group_upcoming_events\" target=\"_blank\" style=\"color: #1038e0; font-weight: 400; text-decoration: underline;\">pe 26 martie<\/a> po\u021bi s\u0103 afli mai multe despre ce \u00eenseamn\u0103 AI overviews pentru afacerea ta.<\/p>\n<p style=\"text-align: left; margin: 16px 0;\">\ud83d\udcd8 Dac\u0103 tu e\u0219ti \u0219i CEO, \u0219i suport clien\u021bi dar \u0219i omul care \u0219tie parola la e-Factura, trebuie s\u0103 schimbi asta. <a href=\"https:\/\/www.goodreads.com\/book\/show\/37702962-clockwork\" target=\"_blank\" style=\"color: #1038e0; font-weight: 400; text-decoration: underline;\">Uite cum<\/a>.<\/p>\n<p style=\"text-align: left; margin: 16px 0;\">\ud83c\udfa7 Delegarea task-urilor \u00een propria ta afacere trebuie s\u0103 fie <a href=\"https:\/\/podcasts.apple.com\/us\/podcast\/458-the-2026-delegation-framework-from-busy-operator\/id1246081196?i=1000752683270\" target=\"_blank\" style=\"color: #1038e0; font-weight: 400; text-decoration: underline;\">un sistem bine pus la punct<\/a>.<\/p>\n<p style=\"text-align: left; margin: 16px 0;\">\ud83d\udd8a\ufe0f <a href=\"https:\/\/review.firstround.com\/how-to-be-a-good-micromanager\/\" target=\"_blank\" style=\"color: #1038e0; font-weight: 400; text-decoration: underline;\">Altitude shifting<\/a>: cum faci diferen\u021ba dintre control \u0219i leadership?<\/p>\n<p style=\"text-align: left; margin: 16px 0;\">\ud83d\udcf0 Template-urile \u0219i structura <a href=\"https:\/\/www.thevccorner.com\/p\/free-founder-operating-system-10k-investors\" target=\"_blank\" style=\"color: #1038e0; font-weight: 400; text-decoration: underline;\">te ajut\u0103 s\u0103-\u021bi faci ordine<\/a> \u00een execu\u021bie, KPI-uri \u0219i procese, mai ales acum, la \u00eenceput de an.<\/p>\n<\/p><\/div>\n<\/p><\/div>\n<\/p><\/div>\n<\/p><\/div>\n<p>  <!-- Un gand de final --><\/p>\n<div style=\"padding: 10px 0px;\">\n<div style=\"max-width: 640px; margin-left: auto; margin-right: auto; border: none; outline: none;\">\n<div style=\"background: #ffcc80; border-radius: 10px; border: none; outline: none;\">\n<div style=\"padding: 20px; overflow: auto; border: none; outline: none;\">\n<h3 style=\"color: #0d1ad8; font-size: 18px; text-align: left; margin: 0px;\">\ud83d\udcad <u>Un g\u00e2nd de final<\/u><\/h3>\n<p style=\"text-align: left; margin: 16px 0;\"><em><strong>\u201eM\u0103 urc pe birou ca s\u0103-mi amintesc c\u0103 trebuie s\u0103 privim lucrurile mereu dintr-un unghi diferit.&#8221; \u2013 Robin Williams<\/strong><\/em><\/p>\n<p style=\"text-align: left; margin: 16px 0;\">De cele mai multe ori, nu realitatea ne \u021bine pe loc, ci perspectiva. Aceea\u0219i situa\u021bie, v\u0103zut\u0103 din acela\u0219i unghi, produce acelea\u0219i concluzii.<\/p>\n<p style=\"text-align: left; margin: 16px 0;\">Data viitoare c\u00e2nd sim\u021bi c\u0103 totul e blocat, nu for\u021ba u\u0219a. Ridic\u0103-te \u0219i uit\u0103-te dintr-un alt unghi.<\/p>\n<\/p><\/div>\n<\/p><\/div>\n<\/p><\/div>\n<\/p><\/div>\n<\/div>\n","protected":false},"excerpt":{"rendered":"<p>Plus: Salariul minim cre\u0219te din var\u0103, ANAF vrea s\u0103 te anun\u021be din timp dac\u0103 firma are probleme \u0219i ce e noua platform\u0103 ROePAS<\/p>\n","protected":false},"author":4,"featured_media":0,"comment_status":"closed","ping_status":"open","sticky":false,"template":"","format":"standard","meta":{"_acf_changed":false,"_kad_post_transparent":"","_kad_post_title":"","_kad_post_layout":"","_kad_post_sidebar_id":"","_kad_post_content_style":"","_kad_post_vertical_padding":"","_kad_post_feature":"","_kad_post_feature_position":"","_kad_post_header":false,"_kad_post_footer":false,"footnotes":""},"categories":[1],"tags":[],"class_list":["post-879","post","type-post","status-publish","format-standard","hentry","category-blog"],"acf":[],"yoast_head":"<!-- This site is optimized with the Yoast SEO Premium plugin v25.5 (Yoast SEO v26.8) - https:\/\/yoast.com\/product\/yoast-seo-premium-wordpress\/ -->\n<title>Mai ai 2 s\u0103pt\u0103m\u00e2ni s\u0103 treci la micro | StartCo Newsletter<\/title>\n<meta name=\"robots\" content=\"index, follow, max-snippet:-1, max-image-preview:large, max-video-preview:-1\" \/>\n<link rel=\"canonical\" href=\"https:\/\/startco.ro\/newsletter\/cum-revii-la-micro-in-2026\/\" \/>\n<meta property=\"og:locale\" content=\"ro_RO\" \/>\n<meta property=\"og:type\" content=\"article\" \/>\n<meta property=\"og:title\" content=\"Mai ai 2 s\u0103pt\u0103m\u00e2ni s\u0103 treci la micro\" \/>\n<meta property=\"og:description\" content=\"Plus: Salariul minim cre\u0219te din var\u0103, ANAF vrea s\u0103 te anun\u021be din timp dac\u0103 firma are probleme \u0219i ce e noua platform\u0103 ROePAS\" \/>\n<meta property=\"og:url\" content=\"https:\/\/startco.ro\/newsletter\/cum-revii-la-micro-in-2026\/\" \/>\n<meta property=\"og:site_name\" content=\"StartCo\" \/>\n<meta property=\"article:published_time\" content=\"2026-03-18T09:00:00+00:00\" \/>\n<meta property=\"article:modified_time\" content=\"2026-03-18T09:05:49+00:00\" \/>\n<meta property=\"og:image\" content=\"https:\/\/startco.ro\/newsletter\/wp-content\/uploads\/2025\/04\/group-8-67ff5b86798e232a7601e31f-@2x.webp\" \/>\n\t<meta property=\"og:image:width\" content=\"2348\" \/>\n\t<meta property=\"og:image:height\" content=\"1837\" \/>\n\t<meta property=\"og:image:type\" content=\"image\/webp\" \/>\n<meta name=\"author\" content=\"Vlad\" \/>\n<meta name=\"twitter:card\" content=\"summary_large_image\" \/>\n<meta name=\"twitter:label1\" content=\"Scris de\" \/>\n\t<meta name=\"twitter:data1\" content=\"Vlad\" \/>\n\t<meta name=\"twitter:label2\" content=\"Timp estimat pentru citire\" \/>\n\t<meta name=\"twitter:data2\" content=\"8 minute\" \/>\n<script type=\"application\/ld+json\" class=\"yoast-schema-graph\">{\"@context\":\"https:\/\/schema.org\",\"@graph\":[{\"@type\":\"Article\",\"@id\":\"https:\/\/startco.ro\/newsletter\/cum-revii-la-micro-in-2026\/#article\",\"isPartOf\":{\"@id\":\"https:\/\/startco.ro\/newsletter\/cum-revii-la-micro-in-2026\/\"},\"author\":{\"name\":\"Vlad\",\"@id\":\"https:\/\/startco.ro\/newsletter\/#\/schema\/person\/84032f6cb88d0064e3e45bde5b59bdab\"},\"headline\":\"Mai ai 2 s\u0103pt\u0103m\u00e2ni s\u0103 treci la micro\",\"datePublished\":\"2026-03-18T09:00:00+00:00\",\"dateModified\":\"2026-03-18T09:05:49+00:00\",\"mainEntityOfPage\":{\"@id\":\"https:\/\/startco.ro\/newsletter\/cum-revii-la-micro-in-2026\/\"},\"wordCount\":1553,\"publisher\":{\"@id\":\"https:\/\/startco.ro\/newsletter\/#organization\"},\"articleSection\":[\"Blog\"],\"inLanguage\":\"ro-RO\"},{\"@type\":\"WebPage\",\"@id\":\"https:\/\/startco.ro\/newsletter\/cum-revii-la-micro-in-2026\/\",\"url\":\"https:\/\/startco.ro\/newsletter\/cum-revii-la-micro-in-2026\/\",\"name\":\"Mai ai 2 s\u0103pt\u0103m\u00e2ni s\u0103 treci la micro | StartCo Newsletter\",\"isPartOf\":{\"@id\":\"https:\/\/startco.ro\/newsletter\/#website\"},\"datePublished\":\"2026-03-18T09:00:00+00:00\",\"dateModified\":\"2026-03-18T09:05:49+00:00\",\"breadcrumb\":{\"@id\":\"https:\/\/startco.ro\/newsletter\/cum-revii-la-micro-in-2026\/#breadcrumb\"},\"inLanguage\":\"ro-RO\",\"potentialAction\":[{\"@type\":\"ReadAction\",\"target\":[\"https:\/\/startco.ro\/newsletter\/cum-revii-la-micro-in-2026\/\"]}]},{\"@type\":\"BreadcrumbList\",\"@id\":\"https:\/\/startco.ro\/newsletter\/cum-revii-la-micro-in-2026\/#breadcrumb\",\"itemListElement\":[{\"@type\":\"ListItem\",\"position\":1,\"name\":\"Prima pagin\u0103\",\"item\":\"https:\/\/startco.ro\/newsletter\/\"},{\"@type\":\"ListItem\",\"position\":2,\"name\":\"Mai ai 2 s\u0103pt\u0103m\u00e2ni s\u0103 treci la micro\"}]},{\"@type\":\"WebSite\",\"@id\":\"https:\/\/startco.ro\/newsletter\/#website\",\"url\":\"https:\/\/startco.ro\/newsletter\/\",\"name\":\"StartCo\",\"description\":\"Newsletter-ul #1 pentru antreprenorii care vor s\u0103 fie cu un pas \u00eenainte\",\"publisher\":{\"@id\":\"https:\/\/startco.ro\/newsletter\/#organization\"},\"potentialAction\":[{\"@type\":\"SearchAction\",\"target\":{\"@type\":\"EntryPoint\",\"urlTemplate\":\"https:\/\/startco.ro\/newsletter\/?s={search_term_string}\"},\"query-input\":{\"@type\":\"PropertyValueSpecification\",\"valueRequired\":true,\"valueName\":\"search_term_string\"}}],\"inLanguage\":\"ro-RO\"},{\"@type\":\"Organization\",\"@id\":\"https:\/\/startco.ro\/newsletter\/#organization\",\"name\":\"StartCo\",\"url\":\"https:\/\/startco.ro\/newsletter\/\",\"logo\":{\"@type\":\"ImageObject\",\"inLanguage\":\"ro-RO\",\"@id\":\"https:\/\/startco.ro\/newsletter\/#\/schema\/logo\/image\/\",\"url\":\"https:\/\/startco.ro\/newsletter\/wp-content\/uploads\/2025\/07\/1.png\",\"contentUrl\":\"https:\/\/startco.ro\/newsletter\/wp-content\/uploads\/2025\/07\/1.png\",\"width\":1902,\"height\":1660,\"caption\":\"StartCo\"},\"image\":{\"@id\":\"https:\/\/startco.ro\/newsletter\/#\/schema\/logo\/image\/\"},\"description\":\"Newsletter-ul #1 pentru antreprenorii care vor s\u0103 fie cu un pas \u00eenainte Deadline-uri fiscale, modific\u0103ri legislative, oportunit\u0103\u021bi de business \u0219i sfaturi care te ajut\u0103 s\u0103 iei decizii bune pentru firma ta. Simplu, clar \u0219i aplicat \u2014 trimis s\u0103pt\u0103m\u00e2nal, direct \u00een inbox.\",\"email\":\"newsletter@startco.ro\",\"telephone\":\"0371 700 410\",\"legalName\":\"StartCo\",\"numberOfEmployees\":{\"@type\":\"QuantitativeValue\",\"minValue\":\"51\",\"maxValue\":\"200\"}},{\"@type\":\"Person\",\"@id\":\"https:\/\/startco.ro\/newsletter\/#\/schema\/person\/84032f6cb88d0064e3e45bde5b59bdab\",\"name\":\"Vlad\",\"image\":{\"@type\":\"ImageObject\",\"inLanguage\":\"ro-RO\",\"@id\":\"https:\/\/startco.ro\/newsletter\/#\/schema\/person\/image\/\",\"url\":\"https:\/\/secure.gravatar.com\/avatar\/a6d0274bb3672c40205fe464c36fb6ba?s=96&d=mm&r=g\",\"contentUrl\":\"https:\/\/secure.gravatar.com\/avatar\/a6d0274bb3672c40205fe464c36fb6ba?s=96&d=mm&r=g\",\"caption\":\"Vlad\"},\"url\":\"https:\/\/startco.ro\/newsletter\/author\/vlad\/\"}]}<\/script>\n<!-- \/ Yoast SEO Premium plugin. -->","yoast_head_json":{"title":"Mai ai 2 s\u0103pt\u0103m\u00e2ni s\u0103 treci la micro | StartCo Newsletter","robots":{"index":"index","follow":"follow","max-snippet":"max-snippet:-1","max-image-preview":"max-image-preview:large","max-video-preview":"max-video-preview:-1"},"canonical":"https:\/\/startco.ro\/newsletter\/cum-revii-la-micro-in-2026\/","og_locale":"ro_RO","og_type":"article","og_title":"Mai ai 2 s\u0103pt\u0103m\u00e2ni s\u0103 treci la micro","og_description":"Plus: Salariul minim cre\u0219te din var\u0103, ANAF vrea s\u0103 te anun\u021be din timp dac\u0103 firma are probleme \u0219i ce e noua platform\u0103 ROePAS","og_url":"https:\/\/startco.ro\/newsletter\/cum-revii-la-micro-in-2026\/","og_site_name":"StartCo","article_published_time":"2026-03-18T09:00:00+00:00","article_modified_time":"2026-03-18T09:05:49+00:00","og_image":[{"width":2348,"height":1837,"url":"https:\/\/startco.ro\/newsletter\/wp-content\/uploads\/2025\/04\/group-8-67ff5b86798e232a7601e31f-@2x.webp","type":"image\/webp"}],"author":"Vlad","twitter_card":"summary_large_image","twitter_misc":{"Scris de":"Vlad","Timp estimat pentru citire":"8 minute"},"schema":{"@context":"https:\/\/schema.org","@graph":[{"@type":"Article","@id":"https:\/\/startco.ro\/newsletter\/cum-revii-la-micro-in-2026\/#article","isPartOf":{"@id":"https:\/\/startco.ro\/newsletter\/cum-revii-la-micro-in-2026\/"},"author":{"name":"Vlad","@id":"https:\/\/startco.ro\/newsletter\/#\/schema\/person\/84032f6cb88d0064e3e45bde5b59bdab"},"headline":"Mai ai 2 s\u0103pt\u0103m\u00e2ni s\u0103 treci la micro","datePublished":"2026-03-18T09:00:00+00:00","dateModified":"2026-03-18T09:05:49+00:00","mainEntityOfPage":{"@id":"https:\/\/startco.ro\/newsletter\/cum-revii-la-micro-in-2026\/"},"wordCount":1553,"publisher":{"@id":"https:\/\/startco.ro\/newsletter\/#organization"},"articleSection":["Blog"],"inLanguage":"ro-RO"},{"@type":"WebPage","@id":"https:\/\/startco.ro\/newsletter\/cum-revii-la-micro-in-2026\/","url":"https:\/\/startco.ro\/newsletter\/cum-revii-la-micro-in-2026\/","name":"Mai ai 2 s\u0103pt\u0103m\u00e2ni s\u0103 treci la micro | StartCo Newsletter","isPartOf":{"@id":"https:\/\/startco.ro\/newsletter\/#website"},"datePublished":"2026-03-18T09:00:00+00:00","dateModified":"2026-03-18T09:05:49+00:00","breadcrumb":{"@id":"https:\/\/startco.ro\/newsletter\/cum-revii-la-micro-in-2026\/#breadcrumb"},"inLanguage":"ro-RO","potentialAction":[{"@type":"ReadAction","target":["https:\/\/startco.ro\/newsletter\/cum-revii-la-micro-in-2026\/"]}]},{"@type":"BreadcrumbList","@id":"https:\/\/startco.ro\/newsletter\/cum-revii-la-micro-in-2026\/#breadcrumb","itemListElement":[{"@type":"ListItem","position":1,"name":"Prima pagin\u0103","item":"https:\/\/startco.ro\/newsletter\/"},{"@type":"ListItem","position":2,"name":"Mai ai 2 s\u0103pt\u0103m\u00e2ni s\u0103 treci la micro"}]},{"@type":"WebSite","@id":"https:\/\/startco.ro\/newsletter\/#website","url":"https:\/\/startco.ro\/newsletter\/","name":"StartCo","description":"Newsletter-ul #1 pentru antreprenorii care vor s\u0103 fie cu un pas \u00eenainte","publisher":{"@id":"https:\/\/startco.ro\/newsletter\/#organization"},"potentialAction":[{"@type":"SearchAction","target":{"@type":"EntryPoint","urlTemplate":"https:\/\/startco.ro\/newsletter\/?s={search_term_string}"},"query-input":{"@type":"PropertyValueSpecification","valueRequired":true,"valueName":"search_term_string"}}],"inLanguage":"ro-RO"},{"@type":"Organization","@id":"https:\/\/startco.ro\/newsletter\/#organization","name":"StartCo","url":"https:\/\/startco.ro\/newsletter\/","logo":{"@type":"ImageObject","inLanguage":"ro-RO","@id":"https:\/\/startco.ro\/newsletter\/#\/schema\/logo\/image\/","url":"https:\/\/startco.ro\/newsletter\/wp-content\/uploads\/2025\/07\/1.png","contentUrl":"https:\/\/startco.ro\/newsletter\/wp-content\/uploads\/2025\/07\/1.png","width":1902,"height":1660,"caption":"StartCo"},"image":{"@id":"https:\/\/startco.ro\/newsletter\/#\/schema\/logo\/image\/"},"description":"Newsletter-ul #1 pentru antreprenorii care vor s\u0103 fie cu un pas \u00eenainte Deadline-uri fiscale, modific\u0103ri legislative, oportunit\u0103\u021bi de business \u0219i sfaturi care te ajut\u0103 s\u0103 iei decizii bune pentru firma ta. Simplu, clar \u0219i aplicat \u2014 trimis s\u0103pt\u0103m\u00e2nal, direct \u00een inbox.","email":"newsletter@startco.ro","telephone":"0371 700 410","legalName":"StartCo","numberOfEmployees":{"@type":"QuantitativeValue","minValue":"51","maxValue":"200"}},{"@type":"Person","@id":"https:\/\/startco.ro\/newsletter\/#\/schema\/person\/84032f6cb88d0064e3e45bde5b59bdab","name":"Vlad","image":{"@type":"ImageObject","inLanguage":"ro-RO","@id":"https:\/\/startco.ro\/newsletter\/#\/schema\/person\/image\/","url":"https:\/\/secure.gravatar.com\/avatar\/a6d0274bb3672c40205fe464c36fb6ba?s=96&d=mm&r=g","contentUrl":"https:\/\/secure.gravatar.com\/avatar\/a6d0274bb3672c40205fe464c36fb6ba?s=96&d=mm&r=g","caption":"Vlad"},"url":"https:\/\/startco.ro\/newsletter\/author\/vlad\/"}]}},"_links":{"self":[{"href":"https:\/\/startco.ro\/newsletter\/wp-json\/wp\/v2\/posts\/879","targetHints":{"allow":["GET"]}}],"collection":[{"href":"https:\/\/startco.ro\/newsletter\/wp-json\/wp\/v2\/posts"}],"about":[{"href":"https:\/\/startco.ro\/newsletter\/wp-json\/wp\/v2\/types\/post"}],"author":[{"embeddable":true,"href":"https:\/\/startco.ro\/newsletter\/wp-json\/wp\/v2\/users\/4"}],"replies":[{"embeddable":true,"href":"https:\/\/startco.ro\/newsletter\/wp-json\/wp\/v2\/comments?post=879"}],"version-history":[{"count":2,"href":"https:\/\/startco.ro\/newsletter\/wp-json\/wp\/v2\/posts\/879\/revisions"}],"predecessor-version":[{"id":881,"href":"https:\/\/startco.ro\/newsletter\/wp-json\/wp\/v2\/posts\/879\/revisions\/881"}],"wp:attachment":[{"href":"https:\/\/startco.ro\/newsletter\/wp-json\/wp\/v2\/media?parent=879"}],"wp:term":[{"taxonomy":"category","embeddable":true,"href":"https:\/\/startco.ro\/newsletter\/wp-json\/wp\/v2\/categories?post=879"},{"taxonomy":"post_tag","embeddable":true,"href":"https:\/\/startco.ro\/newsletter\/wp-json\/wp\/v2\/tags?post=879"}],"curies":[{"name":"wp","href":"https:\/\/api.w.org\/{rel}","templated":true}]}}