{"id":835,"date":"2026-02-11T11:00:00","date_gmt":"2026-02-11T09:00:00","guid":{"rendered":"https:\/\/startco.ro\/newsletter\/?p=835"},"modified":"2026-02-10T16:04:57","modified_gmt":"2026-02-10T14:04:57","slug":"gata-cu-maririle-de-taxe","status":"publish","type":"post","link":"https:\/\/startco.ro\/newsletter\/gata-cu-maririle-de-taxe\/","title":{"rendered":"Gata cu m\u0103ririle de taxe"},"content":{"rendered":"<style>\n  :root {\n    color-scheme: normal;\n    supported-color-schemes: normal;\n  }\n<\/style>\n<style>\n  .x-wrapper {\n    -webkit-font-smoothing: antialiased;\n    -moz-osx-font-smoothing: grayscale;\n  }\n  a[x-apple-data-detectors]{\n    word-break:normal;\n  }\n<\/style>\n<style>\n  body {\n    margin: 0;\n    padding:0 !important;\n  }\n  table.mso {\n    mso-cellspacing: 0;\n    padding: 0;\n    font-size: medium;\n    line-height: 150%;\n    font-family: Helvetica, sans-serif;\n  }\n  table.mso td{\n    vertical-align: top;\n  }\n  h1,h2,h3,h4,h5,h6,p,li,td{mso-hyphenate: none;}\n<\/style>\n<style>.c1x30091{max-width:100% !important;}.covbl52{mso-ansi-font-size:0;}u+.body img+div>span>button{display: none;}<\/style>\n<div\n  role=\"article\"\n  aria-roledescription=\"email\"\n  aria-label=\"\"\n  lang=\"ro\"\n  dir=\"auto\"\n  style=\"font-size: max(16px, 1rem); color: #000000; background: transparent; line-height: 1.5; mso-line-height-alt: 150%; font-family: Helvetica, sans-serif; text-align: center; word-break: normal; word-wrap: normal; word-spacing: normal; border: none; outline: none;\"\n  class=\"x-wrapper\"\n><\/p>\n<div style=\"padding: 10px 0px; border: none; outline: none;\">\n<div\n      style=\"max-width: 640px; margin-left: auto; margin-right: auto; border: none; outline: none;\"\n    ><\/p>\n<div\n        style=\"background: #eef0ff; border-radius: 10px; border: none; outline: none;\"\n      ><\/p>\n<div\n          style=\"padding: 20px; overflow: auto; border: none; outline: none;\"\n        ><\/p>\n<h3\n    style=\"color: #0d1ad8; font-size: 18px; text-align: left; margin: 0px; border: none; outline: none;\"\n  >\ud83d\udccb <u>Ce s-a mai schimbat<\/u><\/h3>\n<p\n    style=\"text-align: left; margin: 16px 0; border: none; outline: none;\"\n  ><strong>Guvernul vrea s\u0103 relanseze economia cu un nou pachet fiscal \ud83d\ude80<\/strong><\/p>\n<p\n    style=\"text-align: left; margin: 16px 0; border: none; outline: none;\"\n  >Ministerul Finan\u021belor a pus \u00een dezbatere public\u0103 un proiect legislativ cu m\u0103suri de relansare economic\u0103 (cu focus pe investi\u021bii, simplificare \u0219i lichiditate). Iar de aceast\u0103 dat\u0103, ve\u0219tile sunt bune: bonifica\u021bii suplimentare, mai mult\u0103 flexibilitate \u0219i plafoane mai \u00een\u021beleg\u0103toare.<\/p>\n<p\n    style=\"text-align: left; margin: 16px 0; border: none; outline: none;\"\n  ><strong>Care sunt m\u0103surile propuse, concret?<\/strong><\/p>\n<p\n    style=\"text-align: left; margin: 16px 0; border: none; outline: none;\"\n  ><strong>\u2705 Bonifica\u021bie de 3% pentru firme la zi&nbsp;<\/strong><\/p>\n<ul\n      style=\"text-align: left; border: none; outline: none;\"\n    ><\/p>\n<li>O <strong>bonifica\u021bie de 3%<\/strong> din impozitul datorat pe 2025, aplicabil\u0103 at\u00e2t la impozit pe profit, c\u00e2t \u0219i la impozit micro (\u0219i e g\u00e2ndit\u0103 ca reducere\/compensare, nu cash \u00een cont).<\/li>\n<li>Condi\u021bia este s\u0103 ai declara\u021biile depuse la timp, impozitul pl\u0103tit integral \u0219i s\u0103 nu ai restan\u021be la termenele relevante.<\/li>\n<\/ul>\n<p\n    style=\"text-align: left; margin: 16px 0; border: none; outline: none;\"\n  ><strong>\u2705 Bonifica\u021bie de 3% \u0219i pentru persoane fizice (PFA, profesii liberale, alte venituri)<\/strong><\/p>\n<ul\n      style=\"text-align: left; border: none; outline: none;\"\n    ><\/p>\n<li><strong>3% reducere<\/strong> din impozitul pe venit pentru veniturile din 2025, dar cu un twist important: ca s\u0103 o prinzi, ar trebui sa depui Declara\u021bia unic\u0103 p\u00e2n\u0103 la 15 aprilie 2026 \u0219i sa platesti integral taxele (impozit + CAS + CASS pentru 2025) p\u00e2n\u0103 la aceea\u0219i dat\u0103.<\/li>\n<\/ul>\n<p\n    style=\"text-align: left; margin: 16px 0; border: none; outline: none;\"\n  ><strong>\ud83e\udde9 Micro\u00eentreprinderi: reguli mai flexibile&nbsp;<\/strong><\/p>\n<ul\n      style=\"text-align: left; border: none; outline: none;\"\n    ><\/p>\n<li><strong>Vei avea 90 de zile<\/strong> pentru a \u00eendeplini condi\u021bia cu salariatul la micro nou-\u00eenfiin\u021bate (\u00een loc de 30).<\/li>\n<li>Dac\u0103 salariatul unic e \u00een concediu medical, nu mai pierzi automat statutul de micro (max. 30 zile cumulat\/an).<\/li>\n<li><strong>Po\u021bi reveni la regimul micro dup\u0103 ce l-ai pierdut<\/strong> (de ex. dep\u0103\u0219e\u0219ti plafonul, treci temporar la profit, apoi te re\u00eencadrezi).<\/li>\n<li><strong>V\u00e2nzarea de active<\/strong>: veniturile din transferul mijloacelor fixe\/terenurilor intr\u0103 \u00een calculul plafonului doar dac\u0103 vinzi mai mult de un activ.<\/li>\n<li>Plafon dedicat pentru rom\u00e2nii din diaspor\u0103 care vor s\u0103 investeasc\u0103 \u00een Rom\u00e2nia: 100 de milioane de EUR<\/li>\n<\/ul>\n<p\n    style=\"text-align: left; margin: 16px 0; border: none; outline: none;\"\n  ><strong>\ud83d\udcb8 TVA la \u00eencasare: plafon mai mare&nbsp;<\/strong><\/p>\n<ul\n      style=\"text-align: left; border: none; outline: none;\"\n    ><\/p>\n<li>Se propune majorarea plafonului la <strong>5.000.000 lei<\/strong> (1 martie\u201331 decembrie 2026) \u0219i <strong>5.500.000<\/strong> lei din 1 ianuarie 2027.<\/li>\n<li>Asta ar \u00eensemna c\u0103 mai multe firme vor putea aplica sistemul.<\/li>\n<\/ul>\n<p\n    style=\"text-align: left; margin: 16px 0; border: none; outline: none;\"\n  ><strong>\ud83d\udee0\ufe0f Investi\u021bii \u0219i contabilitate simplificate&nbsp;<\/strong><\/p>\n<ul\n      style=\"text-align: left; border: none; outline: none;\"\n    ><\/p>\n<li>Pragul de mijloc fix ar urma s\u0103 creasc\u0103 <strong>de la 2.500 lei la 5.000 lei<\/strong> (mai pu\u021bine achizi\u021bii pe amortizare, mai mult\u0103 simplitate).<\/li>\n<li>Pentru unele active noi (echipamente etc.), se propune <strong>amortizare supraaccelerat\u0103<\/strong>: 65% \u00een primul an (m\u0103sur\u0103 de cash-flow, relevant\u0103 mai ales la pl\u0103titori de impozit pe profit).<\/li>\n<li>Termenul standard, at\u00e2t pentru declara\u021bia anual\u0103 de impozit pe profit, c\u00e2t \u0219i pentru plata impozitului, va r\u0103m\u00e2ne permanent <strong>25 iunie<\/strong> (deci vei avea mai mult timp s\u0103 pl\u0103te\u0219ti impozitul pe profit anual).<\/li>\n<\/ul>\n<p\n    style=\"text-align: left; margin: 16px 0; border: none; outline: none;\"\n  ><strong>De re\u021binut<\/strong>: trateaz\u0103 pachetul ca pe un proiect (poate suferi modific\u0103ri). Dac\u0103 e\u0219ti PFA sau ob\u021bii venituri din alte surse: bookmark 15 aprilie 2026 (posibil deadline de bonifica\u021bie, dac\u0103 r\u0103m\u00e2ne \u00een forma asta).<\/p>\n<div\n    style=\"margin: 10px 0px; mso-para-margin: 0; border: none; outline: none;\"\n  ><\/p>\n<hr style=\"border-width: 0; border-top: 1px solid #1038e0; margin-top: 0; margin-bottom: 0;\" align=\"center\">\n  <\/div>\n<p\n    style=\"text-align: left; margin: 16px 0; border: none; outline: none;\"\n  >\ud83e\udded <strong>Cum afli \u00een ce grad de risc fiscal e \u00eencadrat\u0103 firma ta<\/strong><\/p>\n<p\n    style=\"text-align: left; margin: 16px 0; border: none; outline: none;\"\n  >\u0218tiai c\u0103 <strong>ANAF face periodic analiza de risc<\/strong> \u0219i \u00ee\u021bi stabile\u0219te clasa\/subclasa de risc fiscal? Iar de la 1 ianuarie 2026, po\u021bi solicita oficial s\u0103 \u021bi se comunice <strong>\u00een ce clas\u0103\/subclas\u0103 e\u0219ti<\/strong>.<\/p>\n<p\n    style=\"text-align: left; margin: 16px 0; border: none; outline: none;\"\n  >Comunicarea se face \u201eprin orice mijloc care asigur\u0103 dovada primirii&#8221;, cu excep\u021bia situa\u021biilor \u00een care exist\u0103 \u201eobiective de interes general&#8221; care pot restr\u00e2nge accesul.<\/p>\n<p\n    style=\"text-align: left; margin: 16px 0; border: none; outline: none;\"\n  ><strong>De ce conteaz\u0103 asta pentru tine:<\/strong><\/p>\n<ul\n      style=\"text-align: left; border: none; outline: none;\"\n    ><\/p>\n<li>Nu prime\u0219ti re\u021beta secret\u0103 a ANAF-ului (sau criteriile detaliate), dar m\u0103car afli dac\u0103 e\u0219ti \u00eentr-o zon\u0103 ok sau dac\u0103 e\u0219ti sub lup\u0103.<\/li>\n<li>Criteriile generale le g\u0103se\u0219ti \u00een <a href=\"https:\/\/static.anaf.ro\/static\/10\/Anaf\/cod_procedura\/Cod_Procedura_Fiscala_2023.htm\" target=\"_blank\" style=\"color: #1038e0; font-weight: 400; text-decoration: underline;\" class=\"inline-link\">Legea nr. 207\/2015<\/a>: \u00eenregistrare fiscal\u0103, depunerea declara\u021biilor, nivelul de declarare, realizarea obliga\u021biilor de plat\u0103, utilizarea mijloacelor moderne de plat\u0103, etc..<\/li>\n<\/ul>\n<p\n    style=\"text-align: left; margin: 16px 0; border: none; outline: none;\"\n  >Dac\u0103 e\u0219ti curios s\u0103 afli <strong>\u00een ce categorie e\u0219ti \u00eencadrat de ANAF<\/strong> (ca s\u0103 \u0219tii c\u00e2t de mare e \u0219ansa s\u0103 prime\u0219ti un control \u00een viitorul apropiat), po\u021bi s\u0103 trimi\u021bi o <strong>cerere scris\u0103<\/strong> (cu solu\u021bionare \u00een 3 zile) c\u0103tre ANAF pentru comunicarea clasei\/subclasei de risc. Poate nu e cea mai confortabil\u0103 informa\u021bie de aflat, dar e util\u0103: te ajut\u0103 s\u0103 fii mai bine preg\u0103tit pe viitor.<\/p>\n<div\n    style=\"margin: 10px 0px; mso-para-margin: 0; border: none; outline: none;\"\n  ><\/p>\n<hr style=\"border-width: 0; border-top: 1px solid #1038e0; margin-top: 0; margin-bottom: 0;\" align=\"center\">\n  <\/div>\n<p\n    style=\"text-align: left; margin: 16px 0; border: none; outline: none;\"\n  >\ud83e\udd12 <strong>Din 1 februarie 2026, prima zi de concediu medical e nepl\u0103tit\u0103<\/strong><\/p>\n<p\n    style=\"text-align: left; margin: 16px 0; border: none; outline: none;\"\n  >De la 1 ianuarie a intrat \u00een vigoare o nou\u0103 ordonan\u021b\u0103 (<a href=\"https:\/\/legislatie.just.ro\/Public\/DetaliiDocumentAfis\/306237\" target=\"_blank\" style=\"color: #1038e0; font-weight: 400; text-decoration: underline;\" class=\"inline-link\">OUG 91\/2025<\/a>) care prevede c\u0103 indemniza\u021biile pentru certificatele de concediu medical eliberate \u00een perioada 1 februarie 2026 \u2013 31 decembrie 2027 se calculeaz\u0103 \u201eprin diminuarea cu o zi&#8221;.<\/p>\n<p\n    style=\"text-align: left; margin: 16px 0; border: none; outline: none;\"\n  >Pentru majoritatea cazurilor, asta \u00eenseamn\u0103 c\u0103 prima zi de concediu medical nu este pl\u0103tit\u0103 de nimeni: nici de angajator, nici de FNUASS (Fondul Na\u021bional Unic de Asigur\u0103ri Sociale de S\u0103n\u0103tate). Dar e bine de \u0219tiut c\u0103 angajatorul poate suporta \u0219i prima zi de concediu medical, dac\u0103 dore\u0219te.<\/p>\n<p\n    style=\"text-align: left; margin: 16px 0; border: none; outline: none;\"\n  >Tot OUG-ul clarifica \u0219i cine pl\u0103te\u0219te restul:<\/p>\n<ul\n      style=\"text-align: left; border: none; outline: none;\"\n    ><\/p>\n<li><strong>angajatorul<\/strong>: din <strong>ziua 2<\/strong> p\u00e2n\u0103 \u00een <strong>ziua 6<\/strong> inclusiv (pentru incapacitate temporar\u0103 de munc\u0103 \u2013 cu excep\u021bia izol\u0103rii, unde sunt reguli speciale)<\/li>\n<li><strong>FNUASS<\/strong>: din <strong>ziua 7<\/strong> \u00eencolo (sau din ziua 2, pentru concedii care se suport\u0103 integral din FNUASS)<\/li>\n<\/ul>\n<p\n    style=\"text-align: left; margin: 16px 0; border: none; outline: none;\"\n  >\u00cen paralel, s-a schimbat \u0219i procentul pentru boal\u0103 obi\u0219nuit\u0103, \u00een func\u021bie de durata episodului ( 55% pentru p\u00e2n\u0103 la 7 zile, 65% pentru 8-14 zile \u0219i 75% pentru peste 15 zile).<\/p>\n<p\n    style=\"text-align: left; margin: 16px 0; border: none; outline: none;\"\n  ><strong>De ce legea s-ar putea schimba din nou \ud83d\udd0d<\/strong><\/p>\n<ul\n      style=\"text-align: left; border: none; outline: none;\"\n    ><\/p>\n<li><strong>Normele CNAS<\/strong> au venit cu o interpretare care a speriat pe toat\u0103 lumea: s\u0103 fie t\u0103iat\u0103 prima zi lucr\u0103toare, ceea ce ar fi putut duce, \u00een anumite cazuri (c\u00e2nd medicalul \u00eencepe \u00een weekend\/s\u0103rb\u0103toare), la o zi nepl\u0103tit\u0103 \u00een plus.&nbsp;<\/li>\n<li>Dup\u0103 reac\u021bii (mai ales din zona pacien\u021bilor cronici), <strong>Ministerul S\u0103n\u0103t\u0103\u021bii<\/strong> a pus \u00een transparen\u021b\u0103 un proiect de corec\u021bie cu dou\u0103 idei mari:\n<ul>\n<li><strong>o singur\u0103 zi nepl\u0103tit\u0103 pe episod de boal\u0103<\/strong>, chiar dac\u0103 apar mai multe concedii medicale pentru aceea\u0219i afec\u021biune<\/li>\n<li><strong>excep\u021bii<\/strong> (adic\u0103 s\u0103 fie pl\u0103tit\u0103 \u0219i prima zi) pentru anumite categorii: risc maternal, maternitate, pacien\u021bi \u00een programe na\u021bionale de s\u0103n\u0103tate \u0219i concedii medicale dup\u0103 internare (de zi sau continu\u0103).<\/li>\n<\/ul>\n<\/li>\n<\/ul>\n<p\n    style=\"text-align: left; margin: 16px 0; border: none; outline: none;\"\n  ><strong>Ce \u00eenseamn\u0103 asta pentru tine<\/strong><\/p>\n<ul\n      style=\"text-align: left; border: none; outline: none;\"\n    ><\/p>\n<li>\u00cen payroll, schimbarea e simpl\u0103: <strong>ziua 1 = 0 lei indemniza\u021bie<\/strong>, apoi intr\u0103 regula normal\u0103 (tu \u021bii zilele 2\u20136, statul de la 7 \u00een sus).<\/li>\n<li>Preg\u0103te\u0219te-te de \u00eentreb\u0103ri din partea angaja\u021bilor, mai ales atunci c\u00e2nd vor \u00eencasa mai pu\u021bin \u00eentr-o lun\u0103 cu concediu medical.<\/li>\n<li>Dac\u0103 ai suspiciuni serioase de abuz, OUG 91\/2025 a \u00eent\u0103rit <strong>mecanismul de control<\/strong>: CNAS\/casele de s\u0103n\u0103tate pot controla concediile medicale inclusiv la solicitarea angajatorului, iar dac\u0103 se constat\u0103 nerespectarea legii, asiguratul poate pierde indemniza\u021bia aferent\u0103.<\/li>\n<\/ul>\n<div\n    style=\"margin: 10px 0px; mso-para-margin: 0; border: none; outline: none;\"\n  ><\/p>\n<hr style=\"border-width: 0; border-top: 1px solid #1038e0; margin-top: 0; margin-bottom: 0;\" align=\"center\">\n  <\/div>\n<p\n    style=\"text-align: left; margin: 16px 0; border: none; outline: none;\"\n  ><strong>\ud83e\udd16 Chatbot-ul ANA e acum \u0219i pe site (nu doar \u00een SPV)<\/strong><\/p>\n<p\n    style=\"text-align: left; margin: 16px 0; border: none; outline: none;\"\n  >Acum dou\u0103 edi\u021bii <a href=\"https:\/\/startco.ro\/newsletter\/ce-faci-cand-nu-poti-plati-taxele\/\" target=\"_blank\" style=\"color: #1038e0; font-weight: 400; text-decoration: underline;\" class=\"inline-link\">\u00ee\u021bi spuneam<\/a> c\u0103 ANAF a lansat, \u00een sf\u00e2r\u0219it, chatbot-ul care ar trebui s\u0103 te scape de drumurile inutile la ghi\u0219eu. \u00cen prima faz\u0103, puteai s\u0103 comunici cu ANA doar \u00een SPV.<\/p>\n<p\n    style=\"text-align: left; margin: 16px 0; border: none; outline: none;\"\n  >Ei bine, din 6 februarie, asistentul virtual este accesibil direct pe portalul ANAF (\u00eenc\u0103 \u00een testare). Pe l\u00e2ng\u0103 asta, ANAF a publicat \u0219i <a href=\"https:\/\/static.anaf.ro\/static\/3\/Anaf\/20260206112750_124_com.pdf\" target=\"_blank\" style=\"color: #1038e0; font-weight: 400; text-decoration: underline;\" class=\"inline-link\">clarific\u0103ri<\/a> despre depunerea Declara\u021biei Unice (212), pentru c\u0103 primul val de \u00eentreb\u0103ri primite prin intermediul chatbot-ului a fost, \u00een mare parte, pe acest subiect.<\/p>\n<p\n    style=\"text-align: left; margin: 16px 0; border: none; outline: none;\"\n  ><strong>Reminder<\/strong>: chatbot-ul ANA e util ca s\u0103 te orientezi rapid (\u201ece formular?&#8221;, \u201eunde?&#8221; etc.). Pentru situa\u021bii cu excep\u021bii (sistem real, cumul de venituri, norme + alte venituri etc.), tot un specialist r\u0103m\u00e2ne alegerea cea mai bun\u0103.<\/p>\n<\/p><\/div>\n<\/p><\/div>\n<\/p><\/div>\n<\/p><\/div>\n<div style=\"padding: 10px 0px; border: none; outline: none;\">\n<div\n      style=\"max-width: 640px; margin-left: auto; margin-right: auto; border: none; outline: none;\"\n    ><\/p>\n<div\n        style=\"background: #eef0ff; border-radius: 10px; border: none; outline: none;\"\n      ><\/p>\n<div\n          style=\"padding: 20px; overflow: auto; border: none; outline: none;\"\n        ><\/p>\n<h3\n    style=\"color: #0d1ad8; font-size: 18px; text-align: left; margin: 0px; border: none; outline: none;\"\n  >\ud83d\udde3\ufe0f <u>Spune-ne p\u0103rerea ta!<\/u><u><\/u><u><\/u><\/h3>\n<p\n    style=\"text-align: left; margin: 16px 0; border: none; outline: none;\"\n  >Pentru c\u0103 modific\u0103rile fiscale \u0219i schimb\u0103rile legislative s-au \u021binut lan\u021b \u00een ultimul an, ne-am g\u00e2ndit s\u0103 construim un cadru de raportare care s\u0103 ne arate (concret) vibe-ul lui 2026.<\/p>\n<p\n    style=\"text-align: left; margin: 16px 0; border: none; outline: none;\"\n  >Nu e nimic tehnic sau complicat, ci mai degrab\u0103 o privire asupra sentimentului antreprenorilor fa\u021b\u0103 de pia\u021b\u0103 \u0219i fa\u021b\u0103 de ce urmeaz\u0103 \u00een 2026. Altfel spus, vrem s\u0103 afl\u0103m ce crezi tu c\u0103 urmeaz\u0103 \u00een 2026 pentru sectorul de business \u0219i cum resim\u021bi toate modific\u0103rile din ultima vreme.<\/p>\n<p\n    style=\"text-align: left; margin: 16px 0; border: none; outline: none;\"\n  >Dup\u0103 ce adun\u0103m toate datele necesare, \u00ee\u021bi vom prezenta chiar aici, \u00een newsletter (dar \u0219i pe site), care sunt cele mai mari riscuri din 2026, ce aleg s\u0103 fac\u0103 cei mai mul\u021bi antreprenori c\u00e2nd \u00eencas\u0103rile scad \u0219i ce schimb\u0103ri se preconizeaz\u0103 \u00een urm\u0103toarele 6 luni.<\/p>\n<p\n    style=\"text-align: left; margin: 16px 0; border: none; outline: none;\"\n  >Cu alte cuvinte, vei afla cum v\u0103d al\u021bii mediul de afaceri \u0219i ce au de g\u00e2nd s\u0103 fac\u0103 anul acesta. A\u0219a, poate te inspir\u0103 \u0219i pe tine s\u0103 faci alegerea corect\u0103 \u00een 2026!<\/p>\n<div\n    style=\"text-align: center; margin: 8px 0; font-size: 16px; border: none; outline: none;\"\n  ><br \/>\n      <a\n        href=\"https:\/\/startco.survey.fm\/cum-arata-2026-pentru-mediul-de-afaceri\"\n        target=\"_blank\"\n        style=\"display: inline-block; mso-padding-alt: 0; color: #ffffff; font-family: Helvetica, sans-serif; font-weight: 500; text-decoration: none; text-align: center; background: #1038e0; border-radius: 8px; text-underline-color: #1038e0; border: none; outline: none;\"\n        class=\"c1tuz7x0\"\n        ><span\n          style=\"mso-text-raise: 62.5%; padding: 10px 20px; display: block; border: none; outline: none;\"\n          >R\u0103spunde la c\u00e2teva \u00eentreb\u0103ri<\/span><\/a>\n  <\/div>\n<\/p><\/div>\n<\/p><\/div>\n<\/p><\/div>\n<\/p><\/div>\n<div style=\"padding: 10px 0px; border: none; outline: none;\">\n<div\n      style=\"max-width: 640px; margin-left: auto; margin-right: auto; border: none; outline: none;\"\n    ><\/p>\n<div\n        style=\"background: #eef0ff; border-radius: 10px; border: none; outline: none;\"\n      ><\/p>\n<div\n          style=\"padding: 20px; overflow: auto; border: none; outline: none;\"\n        ><\/p>\n<h3\n    style=\"color: #0d1ad8; font-size: 18px; text-align: left; margin: 0px; border: none; outline: none;\"\n  >\u23f0 <u>StartCo explic\u0103<\/u><u><\/u><u><\/u><\/h3>\n<p\n    style=\"text-align: left; margin: 16px 0; border: none; outline: none;\"\n  ><strong>Cum se depune Declara\u021bia Unic\u0103 \u0219i c\u00e2nd e obligatorie<\/strong><\/p>\n<p\n    style=\"text-align: left; margin: 16px 0; border: none; outline: none;\"\n  >Declara\u021bia Unic\u0103 (formularul <strong>212<\/strong>) e, pe rom\u00e2ne\u0219te, momentul \u00een care \u00eei spui statului: <em><strong>Uite ce venituri am f\u0103cut anul trecut ca persoan\u0103 fizic\u0103 \u0219i ce taxe\/contribu\u021bii am de pl\u0103tit<\/strong><\/em><strong>.<\/strong> Dar e \u0219i formularul prin care te po\u021bi asigura la CASS prin op\u021biune &#8211; pe tine \u0219i un coasigurat.<\/p>\n<p\n    style=\"text-align: left; margin: 16px 0; border: none; outline: none;\"\n  ><strong>Cine trebuie s-o depun\u0103 (\u0219i cine NU)? \ud83d\udcc4<\/strong><\/p>\n<p\n    style=\"text-align: left; margin: 16px 0; border: none; outline: none;\"\n  >Depui Declara\u021bia Unic\u0103 dac\u0103 \u00een 2025 ai avut venituri ca persoan\u0103 fizic\u0103 din zone precum:<\/p>\n<ul\n      style=\"text-align: left; border: none; outline: none;\"\n    ><\/p>\n<li>chirii<\/li>\n<li>activit\u0103\u021bi independente<\/li>\n<li>drepturi de autor<\/li>\n<li>investi\u021bii\/transfer de titluri<\/li>\n<li>alte opera\u021biuni cu instrumente financiare<\/li>\n<li>agricultur\u0103\/piscicultur\u0103\/silvicultur\u0103 etc.&nbsp;<\/li>\n<\/ul>\n<p\n    style=\"text-align: left; margin: 16px 0; border: none; outline: none;\"\n  >\u0219i datorezi impozit pe venit \u0219i\/sau contribu\u021bii. O depui \u0219i dac\u0103 vrei s\u0103 pl\u0103te\u0219ti CASS prin op\u021biune (inclusiv dac\u0103 nu ai venituri), ca s\u0103 fii asigurat medical \u00een 2026.<\/p>\n<p\n    style=\"text-align: left; margin: 16px 0; border: none; outline: none;\"\n  >\u00cen schimb, <strong>dac\u0103 e\u0219ti doar salariat \u0219i nu ai alte venituri relevante<\/strong>, de regul\u0103 nu te intereseaz\u0103 Declara\u021bia Unic\u0103.<\/p>\n<p\n    style=\"text-align: left; margin: 16px 0; border: none; outline: none;\"\n  >Trebuie sa stii ca pentru veniturile realizate \u00een <strong>2025<\/strong>, termenul este <strong>p\u00e2n\u0103 la 25 mai 2026 (inclusiv)<\/strong>. Pentru <strong>CASS prin op\u021biune<\/strong>, declara\u021bia se poate depune <strong>oric\u00e2nd \u00een cursul anului<\/strong>.<\/p>\n<p\n    style=\"text-align: left; margin: 16px 0; border: none; outline: none;\"\n  ><strong>Cum o depui \u00een 3 pa\u0219i simpli \u2705<\/strong><\/p>\n<ol\n      style=\"text-align: left; border: none; outline: none;\"\n    ><\/p>\n<li>Intri \u00een <strong>SPV<\/strong>.<\/li>\n<li><strong>Completezi declara\u021bia<\/strong> pe portalul ANAF (D212).<\/li>\n<li><a href=\"https:\/\/startco.ro\/blog\/ghid-depunere-declaratie-unica\/\" target=\"_blank\" style=\"color: #1038e0; font-weight: 400; text-decoration: underline;\" class=\"inline-link\">O \u00eencarci \u00een SPV sau pe e-guvernare.ro<\/a> \u0219i a\u0219tep\u021bi <strong>recipisa<\/strong> (confirmarea ANAF c\u0103 a fost validat\u0103 \/ sau dac\u0103 are erori).<\/li>\n<\/ol>\n<p\n    style=\"text-align: left; margin: 16px 0; border: none; outline: none;\"\n  >Dar cea mai simpl\u0103 variant\u0103 este s\u0103 o completezi pe <a href=\"https:\/\/startco.ro\/declaratia-unica\" target=\"_blank\" style=\"color: #1038e0; font-weight: 400; text-decoration: underline;\" class=\"inline-link\"> startco.ro<\/a>, 100% online \u0219i gratuit. Prime\u0219ti Declara\u021bia gata completat\u0103 \u00een mai pu\u021bin de 15 minute, iar taxele sunt calculate automat pentru toate veniturile tale.<\/p>\n<p\n    style=\"text-align: left; margin: 16px 0; border: none; outline: none;\"\n  ><strong>Ce se \u00eent\u00e2mpl\u0103 dac\u0103 ai completat ceva gre\u0219it? \u26a0\ufe0f<\/strong><\/p>\n<p\n    style=\"text-align: left; margin: 16px 0; border: none; outline: none;\"\n  >Declara\u021bia poate fi modificat\u0103 printr-o <strong>declara\u021bie rectificativ\u0103<\/strong> (acela\u0219i formular, bifezi c\u0103 e rectificativ\u0103 \u0219i completezi din nou capitolul pe care \u00eel corectezi).<\/p>\n<p\n    style=\"text-align: left; margin: 16px 0; border: none; outline: none;\"\n  ><strong>\ud83d\udccc La sf\u00e2r\u0219it, nu uita<\/strong>: DU 212 este o autodeclarare. Dac\u0103 nu o depui, ANAF poate trimite notific\u0103ri \u0219i, dac\u0103 tot nu te conformezi, poate emite o decizie de impunere \u00een termenul legal.<\/p>\n<\/p><\/div>\n<\/p><\/div>\n<\/p><\/div>\n<\/p><\/div>\n<div style=\"padding: 10px 0px; border: none; outline: none;\">\n<div\n      style=\"max-width: 640px; margin-left: auto; margin-right: auto; border: none; outline: none;\"\n    ><\/p>\n<div\n        style=\"background: #eef0ff; border-radius: 10px; border: none; outline: none;\"\n      ><\/p>\n<div\n          style=\"padding: 20px; overflow: auto; border: none; outline: none;\"\n        ><\/p>\n<h3\n    style=\"color: #0d1ad8; font-size: 18px; text-align: left; margin: 0px; border: none; outline: none;\"\n  >\ud83d\udca1 <u>Sfatul S\u0103pt\u0103m\u00e2nii<\/u><\/h3>\n<p\n    style=\"text-align: left; margin: 16px 0; border: none; outline: none;\"\n  ><strong>C\u00e2nd este momentul potrivit s\u0103 te extinzi?<\/strong><\/p>\n<p\n    style=\"text-align: left; margin: 16px 0; border: none; outline: none;\"\n  ><strong>Extinderea afacerii<\/strong> este un obiectiv tentant pentru orice antreprenor, \u00eens\u0103 <strong>momentul ales face diferen\u021ba<\/strong> dintre un salt reu\u0219it \u0219i un e\u0219ec costisitor. Ca s\u0103 fii preg\u0103tit s\u0103 te extinzi, nu trebuie neap\u0103rat s\u0103 ai cel mai bun produs\/serviciu de pe pia\u021b\u0103, ci mai degrab\u0103 un <strong>sistem scalabil \u0219i consecvent de operare<\/strong>.<\/p>\n<p\n    style=\"text-align: left; margin: 16px 0; border: none; outline: none;\"\n  >Cel mai bun exemplu care a demonstrat c\u0103 <strong>sistemul bate produsul<\/strong> este McDonald&#8217;s: au cel mai bun burger de pe pia\u021b\u0103? Definitely not. Cu toate acestea, au ar\u0103tat c\u0103 un proces standardizat \u0219i eficient poate asigura expansiunea global\u0103.<\/p>\n<p\n    style=\"text-align: left; margin: 16px 0; border: none; outline: none;\"\n  ><strong>Checklist practic: ce trebuie s\u0103 faci \u00eenainte de a extinde afacerea?<\/strong><\/p>\n<p\n    style=\"text-align: left; margin: 16px 24px; border: none; outline: none;\"\n  ><strong>\ud83d\udd39 Asigur\u0103-te c\u0103 ai validat product-market fit-ul<\/strong><\/p>\n<p\n    style=\"text-align: left; margin: 16px 24px; border: none; outline: none;\"\n  >Dac\u0103 abia faci fa\u021b\u0103 comenzilor sau trebuie s\u0103 refuzi clien\u021bi din lips\u0103 de capacitate, e un semn bun. Nu \u00eencerca s\u0103 scalezi f\u0103r\u0103 s\u0103 fii sigur c\u0103 produsul\/serviciul t\u0103u <strong>aduce valoare real\u0103<\/strong> \u0219i oamenii chiar <strong>sunt dispu\u0219i s\u0103 pl\u0103teasc\u0103<\/strong> pentru el (asigur\u0103-te c\u0103 ai validat product-market fit-ul).<\/p>\n<p\n    style=\"text-align: left; margin: 16px 24px; border: none; outline: none;\"\n  ><strong>\ud83d\udd39 F\u0103-\u021bi calcule concrete \u0219i asigur\u0103-te c\u0103 ai banii<\/strong><\/p>\n<p\n    style=\"text-align: left; margin: 16px 24px; border: none; outline: none;\"\n  >Extinderea va pune presiune pe finan\u021be \u0219i vei avea cheltuieli mai mari cu personalul, chirii, stocuri sau echipamente. \u00cenainte de a cre\u0219te, f\u0103-\u021bi <strong>un plan financiar detaliat<\/strong> \u0219i asigur\u0103-te c\u0103 ai resursele necesare pentru a sus\u021bine noile costuri p\u00e2n\u0103 c\u00e2nd investi\u021bia \u00eencepe s\u0103 dea roade.<\/p>\n<p\n    style=\"text-align: left; margin: 16px 24px; border: none; outline: none;\"\n  ><strong>\ud83d\udd39 Pune-\u021bi sistemele la punct<\/strong><\/p>\n<p\n    style=\"text-align: left; margin: 16px 24px; border: none; outline: none;\"\n  >Procedurile interne trebuie puse la punct \u00eenainte de extindere. Implementeaz\u0103 <strong>manuale de operare<\/strong>, <strong>protocoale<\/strong> \u0219i <strong>fluxuri clare<\/strong> pentru toate aspectele cheie ale afacerii. Dac\u0103 deschizi o a doua loca\u021bie sau angajezi pe cineva nou, toat\u0103 expertiza ta trebuie \u00eempachetat\u0103 \u00een <strong>documente \u0219i training<\/strong> accesibil noilor veni\u021bi.<\/p>\n<p\n    style=\"text-align: left; margin: 16px 24px; border: none; outline: none;\"\n  ><strong>\ud83d\udd39 Investe\u0219te \u00een echip\u0103 \u0219i responsabilizeaz\u0103 oamenii<\/strong><\/p>\n<p\n    style=\"text-align: left; margin: 16px 24px; border: none; outline: none;\"\n  >Investe\u0219te \u00een echipa actual\u0103 \u0219i \u00een training: oamenii t\u0103i trebuie s\u0103 fie gata s\u0103 preia responsabilit\u0103\u021bi \u0219i s\u0103 men\u021bin\u0103 standardele f\u0103r\u0103 supraveghere permanent\u0103. Asigur\u0103-te c\u0103 ai <strong>lideri<\/strong> sau <strong>procese de supervizare<\/strong> pentru noile echipe sau loca\u021bii.<\/p>\n<p\n    style=\"text-align: left; margin: 16px 24px; border: none; outline: none;\"\n  ><strong>\ud83d\udd39 Preg\u0103te\u0219te un plan concret de extindere<\/strong><\/p>\n<p\n    style=\"text-align: left; margin: 16px 24px; border: none; outline: none;\"\n  >F\u0103-\u021bi un plan care s\u0103 includ\u0103 <strong>cercetarea noilor pie\u021be<\/strong>, <strong>obiective m\u0103surabile<\/strong> \u0219i un <strong>calendar realist<\/strong>. Analizeaz\u0103-\u021bi competi\u021bia, ajusteaz\u0103-\u021bi oferta la contextul nou dac\u0103 e cazul (a\u0219a cum lan\u021buri globale ca IKEA au adaptat oferta la preferin\u021bele locale c\u00e2nd s-au extins interna\u021bional) \u0219i implic\u0103-\u021bi echipa \u00een procesul de tranzi\u021bie.<\/p>\n<p\n    style=\"text-align: left; margin: 16px 0; border: none; outline: none;\"\n  >Lec\u021bia marilor companii globale e c\u0103 <strong>r\u0103bdarea \u0219i preg\u0103tirea temeinic\u0103 dau roade<\/strong>: McDonald&#8217;s sau IKEA au a\u0219teptat s\u0103-\u0219i perfec\u021bioneze modelul \u00eenainte de a-l multiplica \u00een francize, iar \u00een Rom\u00e2nia, lan\u021buri ca Tucano Coffee au standardizat fiecare detaliu (de la re\u021bete la manuale de opera\u021biuni) \u00eenainte s\u0103 se extind\u0103 \u00een alte \u021b\u0103ri.<\/p>\n<\/p><\/div>\n<\/p><\/div>\n<\/p><\/div>\n<\/p><\/div>\n<div style=\"padding: 10px 0px; border: none; outline: none;\">\n<div\n      style=\"max-width: 640px; margin-left: auto; margin-right: auto; border: none; outline: none;\"\n    ><\/p>\n<div\n        style=\"background: #eef0ff; border-radius: 10px; border: none; outline: none;\"\n      ><\/p>\n<div\n          style=\"padding: 20px; overflow: auto; border: none; outline: none;\"\n        ><\/p>\n<h3\n    style=\"color: #0d1ad8; font-size: 18px; text-align: left; margin: 0px; border: none; outline: none;\"\n  >\ud83d\udcda <u>Pe lista noastr\u0103<\/u><u><\/u><\/h3>\n<p\n    style=\"text-align: left; margin: 16px 0; border: none; outline: none;\"\n  ><strong>\ud83d\udcf0 <\/strong><a href=\"https:\/\/markmanson.net\/breakthrough\/172-win-at-life\" target=\"_blank\" style=\"color: #1038e0; font-weight: 400; text-decoration: underline;\" class=\"inline-link\">E-book must-read<\/a>: cum s\u0103 c\u00e2\u0219tigi \u00een\u2026 via\u021b\u0103. \u0218i da, e un mindset aplicabil \u0219i \u00een business + vine cu un set de cheat codes pe care neap\u0103rat trebuie s\u0103 le \u0219tii.<\/p>\n<p\n    style=\"text-align: left; margin: 16px 0; border: none; outline: none;\"\n  ><strong>\ud83d\udcd8 <\/strong>\u0218tiai c\u0103 po\u021bi s\u0103-\u021bi faci \u00eentreaga strategie de marketing <a href=\"https:\/\/carturesti.ro\/carte\/the-1-page-marketing-plan-301215748\" target=\"_blank\" style=\"color: #1038e0; font-weight: 400; text-decoration: underline;\" class=\"inline-link\">pe o singur\u0103 pagin\u0103<\/a>?<\/p>\n<p\n    style=\"text-align: left; margin: 16px 0; border: none; outline: none;\"\n  ><strong>\ud83c\udfa7 <\/strong>Atunci c\u00e2nd n-ai finan\u021bare (\u0219i nici chef de experimente scumpe), concentreaz\u0103-te pe <a href=\"https:\/\/podcast.everyonehatesmarketers.com\/episodes\/rob-walling-the-stairstep-no-bull-approach-to-bootstrapping\" target=\"_blank\" style=\"color: #1038e0; font-weight: 400; text-decoration: underline;\" class=\"inline-link\">cre\u0219terea \u00een trepte<\/a> \u0219i pe canale care func\u021bioneaz\u0103 \u00een lumea real\u0103, nu \u00een pitch-uri.<\/p>\n<p\n    style=\"text-align: left; margin: 16px 0; border: none; outline: none;\"\n  ><strong>\ud83d\udd8a\ufe0f <\/strong><a href=\"https:\/\/startarium.com\/articol\/ghid-marketing-cu-buget-redus-pentru-afaceri\" target=\"_blank\" style=\"color: #1038e0; font-weight: 400; text-decoration: underline;\" class=\"inline-link\">Ghid practic<\/a>: ce faci atunci c\u00e2nd n-ai bani de ads? \u2192 Pl\u0103te\u0219ti cu timp + creativitate + rela\u021bii + consecven\u021b\u0103.<\/p>\n<\/p><\/div>\n<\/p><\/div>\n<\/p><\/div>\n<\/p><\/div>\n<div style=\"padding: 10px 0px; border: none; outline: none;\">\n<div\n      style=\"max-width: 640px; margin-left: auto; margin-right: auto; border: none; outline: none;\"\n    ><\/p>\n<div\n        style=\"background: #ffcc80; border-radius: 10px; border: none; outline: none;\"\n      ><\/p>\n<div\n          style=\"padding: 20px; overflow: auto; border: none; outline: none;\"\n        ><\/p>\n<h3\n    style=\"color: #0d1ad8; font-size: 18px; text-align: left; margin: 0px; border: none; outline: none;\"\n  >\ud83d\udcad <u>Un g\u00e2nd de final<\/u><\/h3>\n<p\n    style=\"text-align: left; margin: 16px 0; border: none; outline: none;\"\n  ><em><strong>\u201eToat\u0103 lumea vrea s\u0103 tr\u0103iasc\u0103 pe v\u00e2rful muntelui, dar toat\u0103 bucuria \u0219i cre\u0219terea se \u00eent\u00e2mpl\u0103 \u00een timp ce \u00eel urci.&#8221; \u2013 Andy Rooney<\/strong><\/em><\/p>\n<p\n    style=\"text-align: left; margin: 16px 0; border: none; outline: none;\"\n  >Mul\u021bi dintre noi \u021bintim finalul, end-goal-ul cu poza reu\u0219itei. \u0218i da, s\u0103 ajungi \u00een v\u00e2rf e fain, dar ce nu-\u021bi spune nimeni e c\u0103 <strong>dureaz\u0103 pu\u021bin<\/strong>: te ui\u021bi \u00een jur, respiri ad\u00e2nc \u0219i\u2026 gata.<\/p>\n<p\n    style=\"text-align: left; margin: 16px 0; border: none; outline: none;\"\n  >\u00cen schimb, <strong>urcarea e cea care te schimb\u0103 cu adev\u0103rat<\/strong>: pa\u0219ii mici, ritmul, zilele \u00een care nu-\u021bi vine. Iar dac\u0103 e\u0219ti <strong>atent la traseu \u0219i nu la destina\u021bie<\/strong>, se schimb\u0103 \u0219i felul \u00een care munce\u0219ti. Nu mai am\u00e2ni via\u021ba pentru v\u00e2rf, ci o tr\u0103ie\u0219ti \u00een timp ce urci. <strong>\u0218i, paradoxal, a\u0219a ajungi mai sus<\/strong>.<\/p>\n<\/p><\/div>\n<\/p><\/div>\n<\/p><\/div>\n<\/p><\/div>\n<\/div>\n","protected":false},"excerpt":{"rendered":"<p>Plus: Cum relanseaz\u0103 Guvernul economia, care-i treaba cu prima zi de concediu medical \u0219i cum s\u0103 depui corect Declara\u021bia Unic\u0103<\/p>\n","protected":false},"author":4,"featured_media":0,"comment_status":"closed","ping_status":"open","sticky":false,"template":"","format":"standard","meta":{"_acf_changed":false,"_kad_post_transparent":"","_kad_post_title":"","_kad_post_layout":"","_kad_post_sidebar_id":"","_kad_post_content_style":"","_kad_post_vertical_padding":"","_kad_post_feature":"","_kad_post_feature_position":"","_kad_post_header":false,"_kad_post_footer":false,"footnotes":""},"categories":[1],"tags":[],"class_list":["post-835","post","type-post","status-publish","format-standard","hentry","category-blog"],"acf":[],"yoast_head":"<!-- This site is optimized with the Yoast SEO Premium plugin v25.5 (Yoast SEO v26.8) - https:\/\/yoast.com\/product\/yoast-seo-premium-wordpress\/ -->\n<title>Gata cu m\u0103ririle de taxe | StartCo Newsletter<\/title>\n<meta name=\"robots\" content=\"index, follow, max-snippet:-1, max-image-preview:large, max-video-preview:-1\" \/>\n<link rel=\"canonical\" href=\"https:\/\/startco.ro\/newsletter\/gata-cu-maririle-de-taxe\/\" \/>\n<meta property=\"og:locale\" content=\"ro_RO\" \/>\n<meta property=\"og:type\" content=\"article\" \/>\n<meta property=\"og:title\" content=\"Gata cu m\u0103ririle de taxe\" \/>\n<meta property=\"og:description\" content=\"Plus: Cum relanseaz\u0103 Guvernul economia, care-i treaba cu prima zi de concediu medical \u0219i cum s\u0103 depui corect Declara\u021bia Unic\u0103\" \/>\n<meta property=\"og:url\" content=\"https:\/\/startco.ro\/newsletter\/gata-cu-maririle-de-taxe\/\" \/>\n<meta property=\"og:site_name\" content=\"StartCo\" \/>\n<meta property=\"article:published_time\" content=\"2026-02-11T09:00:00+00:00\" \/>\n<meta property=\"og:image\" content=\"https:\/\/startco.ro\/newsletter\/wp-content\/uploads\/2025\/04\/group-8-67ff5b86798e232a7601e31f-@2x.webp\" \/>\n\t<meta property=\"og:image:width\" content=\"2348\" \/>\n\t<meta property=\"og:image:height\" content=\"1837\" \/>\n\t<meta property=\"og:image:type\" content=\"image\/webp\" \/>\n<meta name=\"author\" content=\"Vlad\" \/>\n<meta name=\"twitter:card\" content=\"summary_large_image\" \/>\n<meta name=\"twitter:label1\" content=\"Scris de\" \/>\n\t<meta name=\"twitter:data1\" content=\"Vlad\" \/>\n\t<meta name=\"twitter:label2\" content=\"Timp estimat pentru citire\" \/>\n\t<meta name=\"twitter:data2\" content=\"13 minute\" \/>\n<script type=\"application\/ld+json\" class=\"yoast-schema-graph\">{\"@context\":\"https:\/\/schema.org\",\"@graph\":[{\"@type\":\"Article\",\"@id\":\"https:\/\/startco.ro\/newsletter\/gata-cu-maririle-de-taxe\/#article\",\"isPartOf\":{\"@id\":\"https:\/\/startco.ro\/newsletter\/gata-cu-maririle-de-taxe\/\"},\"author\":{\"name\":\"Vlad\",\"@id\":\"https:\/\/startco.ro\/newsletter\/#\/schema\/person\/84032f6cb88d0064e3e45bde5b59bdab\"},\"headline\":\"Gata cu m\u0103ririle de taxe\",\"datePublished\":\"2026-02-11T09:00:00+00:00\",\"mainEntityOfPage\":{\"@id\":\"https:\/\/startco.ro\/newsletter\/gata-cu-maririle-de-taxe\/\"},\"wordCount\":2450,\"publisher\":{\"@id\":\"https:\/\/startco.ro\/newsletter\/#organization\"},\"articleSection\":[\"Blog\"],\"inLanguage\":\"ro-RO\"},{\"@type\":\"WebPage\",\"@id\":\"https:\/\/startco.ro\/newsletter\/gata-cu-maririle-de-taxe\/\",\"url\":\"https:\/\/startco.ro\/newsletter\/gata-cu-maririle-de-taxe\/\",\"name\":\"Gata cu m\u0103ririle de taxe | StartCo Newsletter\",\"isPartOf\":{\"@id\":\"https:\/\/startco.ro\/newsletter\/#website\"},\"datePublished\":\"2026-02-11T09:00:00+00:00\",\"breadcrumb\":{\"@id\":\"https:\/\/startco.ro\/newsletter\/gata-cu-maririle-de-taxe\/#breadcrumb\"},\"inLanguage\":\"ro-RO\",\"potentialAction\":[{\"@type\":\"ReadAction\",\"target\":[\"https:\/\/startco.ro\/newsletter\/gata-cu-maririle-de-taxe\/\"]}]},{\"@type\":\"BreadcrumbList\",\"@id\":\"https:\/\/startco.ro\/newsletter\/gata-cu-maririle-de-taxe\/#breadcrumb\",\"itemListElement\":[{\"@type\":\"ListItem\",\"position\":1,\"name\":\"Prima pagin\u0103\",\"item\":\"https:\/\/startco.ro\/newsletter\/\"},{\"@type\":\"ListItem\",\"position\":2,\"name\":\"Gata cu m\u0103ririle de taxe\"}]},{\"@type\":\"WebSite\",\"@id\":\"https:\/\/startco.ro\/newsletter\/#website\",\"url\":\"https:\/\/startco.ro\/newsletter\/\",\"name\":\"StartCo\",\"description\":\"Newsletter-ul #1 pentru antreprenorii care vor s\u0103 fie cu un pas \u00eenainte\",\"publisher\":{\"@id\":\"https:\/\/startco.ro\/newsletter\/#organization\"},\"potentialAction\":[{\"@type\":\"SearchAction\",\"target\":{\"@type\":\"EntryPoint\",\"urlTemplate\":\"https:\/\/startco.ro\/newsletter\/?s={search_term_string}\"},\"query-input\":{\"@type\":\"PropertyValueSpecification\",\"valueRequired\":true,\"valueName\":\"search_term_string\"}}],\"inLanguage\":\"ro-RO\"},{\"@type\":\"Organization\",\"@id\":\"https:\/\/startco.ro\/newsletter\/#organization\",\"name\":\"StartCo\",\"url\":\"https:\/\/startco.ro\/newsletter\/\",\"logo\":{\"@type\":\"ImageObject\",\"inLanguage\":\"ro-RO\",\"@id\":\"https:\/\/startco.ro\/newsletter\/#\/schema\/logo\/image\/\",\"url\":\"https:\/\/startco.ro\/newsletter\/wp-content\/uploads\/2025\/07\/1.png\",\"contentUrl\":\"https:\/\/startco.ro\/newsletter\/wp-content\/uploads\/2025\/07\/1.png\",\"width\":1902,\"height\":1660,\"caption\":\"StartCo\"},\"image\":{\"@id\":\"https:\/\/startco.ro\/newsletter\/#\/schema\/logo\/image\/\"},\"description\":\"Newsletter-ul #1 pentru antreprenorii care vor s\u0103 fie cu un pas \u00eenainte Deadline-uri fiscale, modific\u0103ri legislative, oportunit\u0103\u021bi de business \u0219i sfaturi care te ajut\u0103 s\u0103 iei decizii bune pentru firma ta. Simplu, clar \u0219i aplicat \u2014 trimis s\u0103pt\u0103m\u00e2nal, direct \u00een inbox.\",\"email\":\"newsletter@startco.ro\",\"telephone\":\"0371 700 410\",\"legalName\":\"StartCo\",\"numberOfEmployees\":{\"@type\":\"QuantitativeValue\",\"minValue\":\"51\",\"maxValue\":\"200\"}},{\"@type\":\"Person\",\"@id\":\"https:\/\/startco.ro\/newsletter\/#\/schema\/person\/84032f6cb88d0064e3e45bde5b59bdab\",\"name\":\"Vlad\",\"image\":{\"@type\":\"ImageObject\",\"inLanguage\":\"ro-RO\",\"@id\":\"https:\/\/startco.ro\/newsletter\/#\/schema\/person\/image\/\",\"url\":\"https:\/\/secure.gravatar.com\/avatar\/a6d0274bb3672c40205fe464c36fb6ba?s=96&d=mm&r=g\",\"contentUrl\":\"https:\/\/secure.gravatar.com\/avatar\/a6d0274bb3672c40205fe464c36fb6ba?s=96&d=mm&r=g\",\"caption\":\"Vlad\"},\"url\":\"https:\/\/startco.ro\/newsletter\/author\/vlad\/\"}]}<\/script>\n<!-- \/ Yoast SEO Premium plugin. -->","yoast_head_json":{"title":"Gata cu m\u0103ririle de taxe | StartCo Newsletter","robots":{"index":"index","follow":"follow","max-snippet":"max-snippet:-1","max-image-preview":"max-image-preview:large","max-video-preview":"max-video-preview:-1"},"canonical":"https:\/\/startco.ro\/newsletter\/gata-cu-maririle-de-taxe\/","og_locale":"ro_RO","og_type":"article","og_title":"Gata cu m\u0103ririle de taxe","og_description":"Plus: Cum relanseaz\u0103 Guvernul economia, care-i treaba cu prima zi de concediu medical \u0219i cum s\u0103 depui corect Declara\u021bia Unic\u0103","og_url":"https:\/\/startco.ro\/newsletter\/gata-cu-maririle-de-taxe\/","og_site_name":"StartCo","article_published_time":"2026-02-11T09:00:00+00:00","og_image":[{"width":2348,"height":1837,"url":"https:\/\/startco.ro\/newsletter\/wp-content\/uploads\/2025\/04\/group-8-67ff5b86798e232a7601e31f-@2x.webp","type":"image\/webp"}],"author":"Vlad","twitter_card":"summary_large_image","twitter_misc":{"Scris de":"Vlad","Timp estimat pentru citire":"13 minute"},"schema":{"@context":"https:\/\/schema.org","@graph":[{"@type":"Article","@id":"https:\/\/startco.ro\/newsletter\/gata-cu-maririle-de-taxe\/#article","isPartOf":{"@id":"https:\/\/startco.ro\/newsletter\/gata-cu-maririle-de-taxe\/"},"author":{"name":"Vlad","@id":"https:\/\/startco.ro\/newsletter\/#\/schema\/person\/84032f6cb88d0064e3e45bde5b59bdab"},"headline":"Gata cu m\u0103ririle de taxe","datePublished":"2026-02-11T09:00:00+00:00","mainEntityOfPage":{"@id":"https:\/\/startco.ro\/newsletter\/gata-cu-maririle-de-taxe\/"},"wordCount":2450,"publisher":{"@id":"https:\/\/startco.ro\/newsletter\/#organization"},"articleSection":["Blog"],"inLanguage":"ro-RO"},{"@type":"WebPage","@id":"https:\/\/startco.ro\/newsletter\/gata-cu-maririle-de-taxe\/","url":"https:\/\/startco.ro\/newsletter\/gata-cu-maririle-de-taxe\/","name":"Gata cu m\u0103ririle de taxe | StartCo Newsletter","isPartOf":{"@id":"https:\/\/startco.ro\/newsletter\/#website"},"datePublished":"2026-02-11T09:00:00+00:00","breadcrumb":{"@id":"https:\/\/startco.ro\/newsletter\/gata-cu-maririle-de-taxe\/#breadcrumb"},"inLanguage":"ro-RO","potentialAction":[{"@type":"ReadAction","target":["https:\/\/startco.ro\/newsletter\/gata-cu-maririle-de-taxe\/"]}]},{"@type":"BreadcrumbList","@id":"https:\/\/startco.ro\/newsletter\/gata-cu-maririle-de-taxe\/#breadcrumb","itemListElement":[{"@type":"ListItem","position":1,"name":"Prima pagin\u0103","item":"https:\/\/startco.ro\/newsletter\/"},{"@type":"ListItem","position":2,"name":"Gata cu m\u0103ririle de taxe"}]},{"@type":"WebSite","@id":"https:\/\/startco.ro\/newsletter\/#website","url":"https:\/\/startco.ro\/newsletter\/","name":"StartCo","description":"Newsletter-ul #1 pentru antreprenorii care vor s\u0103 fie cu un pas \u00eenainte","publisher":{"@id":"https:\/\/startco.ro\/newsletter\/#organization"},"potentialAction":[{"@type":"SearchAction","target":{"@type":"EntryPoint","urlTemplate":"https:\/\/startco.ro\/newsletter\/?s={search_term_string}"},"query-input":{"@type":"PropertyValueSpecification","valueRequired":true,"valueName":"search_term_string"}}],"inLanguage":"ro-RO"},{"@type":"Organization","@id":"https:\/\/startco.ro\/newsletter\/#organization","name":"StartCo","url":"https:\/\/startco.ro\/newsletter\/","logo":{"@type":"ImageObject","inLanguage":"ro-RO","@id":"https:\/\/startco.ro\/newsletter\/#\/schema\/logo\/image\/","url":"https:\/\/startco.ro\/newsletter\/wp-content\/uploads\/2025\/07\/1.png","contentUrl":"https:\/\/startco.ro\/newsletter\/wp-content\/uploads\/2025\/07\/1.png","width":1902,"height":1660,"caption":"StartCo"},"image":{"@id":"https:\/\/startco.ro\/newsletter\/#\/schema\/logo\/image\/"},"description":"Newsletter-ul #1 pentru antreprenorii care vor s\u0103 fie cu un pas \u00eenainte Deadline-uri fiscale, modific\u0103ri legislative, oportunit\u0103\u021bi de business \u0219i sfaturi care te ajut\u0103 s\u0103 iei decizii bune pentru firma ta. Simplu, clar \u0219i aplicat \u2014 trimis s\u0103pt\u0103m\u00e2nal, direct \u00een inbox.","email":"newsletter@startco.ro","telephone":"0371 700 410","legalName":"StartCo","numberOfEmployees":{"@type":"QuantitativeValue","minValue":"51","maxValue":"200"}},{"@type":"Person","@id":"https:\/\/startco.ro\/newsletter\/#\/schema\/person\/84032f6cb88d0064e3e45bde5b59bdab","name":"Vlad","image":{"@type":"ImageObject","inLanguage":"ro-RO","@id":"https:\/\/startco.ro\/newsletter\/#\/schema\/person\/image\/","url":"https:\/\/secure.gravatar.com\/avatar\/a6d0274bb3672c40205fe464c36fb6ba?s=96&d=mm&r=g","contentUrl":"https:\/\/secure.gravatar.com\/avatar\/a6d0274bb3672c40205fe464c36fb6ba?s=96&d=mm&r=g","caption":"Vlad"},"url":"https:\/\/startco.ro\/newsletter\/author\/vlad\/"}]}},"_links":{"self":[{"href":"https:\/\/startco.ro\/newsletter\/wp-json\/wp\/v2\/posts\/835","targetHints":{"allow":["GET"]}}],"collection":[{"href":"https:\/\/startco.ro\/newsletter\/wp-json\/wp\/v2\/posts"}],"about":[{"href":"https:\/\/startco.ro\/newsletter\/wp-json\/wp\/v2\/types\/post"}],"author":[{"embeddable":true,"href":"https:\/\/startco.ro\/newsletter\/wp-json\/wp\/v2\/users\/4"}],"replies":[{"embeddable":true,"href":"https:\/\/startco.ro\/newsletter\/wp-json\/wp\/v2\/comments?post=835"}],"version-history":[{"count":18,"href":"https:\/\/startco.ro\/newsletter\/wp-json\/wp\/v2\/posts\/835\/revisions"}],"predecessor-version":[{"id":853,"href":"https:\/\/startco.ro\/newsletter\/wp-json\/wp\/v2\/posts\/835\/revisions\/853"}],"wp:attachment":[{"href":"https:\/\/startco.ro\/newsletter\/wp-json\/wp\/v2\/media?parent=835"}],"wp:term":[{"taxonomy":"category","embeddable":true,"href":"https:\/\/startco.ro\/newsletter\/wp-json\/wp\/v2\/categories?post=835"},{"taxonomy":"post_tag","embeddable":true,"href":"https:\/\/startco.ro\/newsletter\/wp-json\/wp\/v2\/tags?post=835"}],"curies":[{"name":"wp","href":"https:\/\/api.w.org\/{rel}","templated":true}]}}