{"id":822,"date":"2026-01-21T11:00:00","date_gmt":"2026-01-21T09:00:00","guid":{"rendered":"https:\/\/startco.ro\/newsletter\/?p=822"},"modified":"2026-01-21T09:30:32","modified_gmt":"2026-01-21T07:30:32","slug":"cand-iti-declara-anaf-firma-inactiva","status":"publish","type":"post","link":"https:\/\/startco.ro\/newsletter\/cand-iti-declara-anaf-firma-inactiva\/","title":{"rendered":"C\u00e2nd \u00ee\u021bi declar\u0103 ANAF firma inactiv\u0103"},"content":{"rendered":"<style>\n  :root {\n    color-scheme: normal;\n    supported-color-schemes: normal;\n  }\n  .startco-newsletter-wrapper {\n    -webkit-font-smoothing: antialiased;\n    -moz-osx-font-smoothing: grayscale;\n  }\n  .startco-newsletter-wrapper a[x-apple-data-detectors] {\n    word-break: normal;\n  }\n  .startco-newsletter-img {\n    max-width: 100% !important;\n  }\n<\/style>\n<div class=\"startco-newsletter-wrapper\" style=\"font-size: max(16px, 1rem); color: #000000; background: transparent; line-height: 1.5; font-family: Helvetica, sans-serif; text-align: center; word-break: normal; word-wrap: normal; word-spacing: normal; border: none; outline: none;\">\n<div style=\"padding: 10px 0px; border: none; outline: none;\">\n<div style=\"max-width: 640px; margin-left: auto; margin-right: auto; border: none; outline: none;\">\n<div style=\"background: #eef0ff; border-radius: 10px; border: none; outline: none;\">\n<div style=\"padding: 20px; overflow: auto; border: none; outline: none;\">\n<h3 style=\"color: #0d1ad8; font-size: 18px; text-align: left; margin: 0px; border: none; outline: none;\">\ud83d\udccb <u>Ce s-a mai schimbat<\/u><\/h3>\n<p style=\"text-align: left; margin: 16px 0; border: none; outline: none;\">\n              <strong>E\u0219alon\u0103rile la plat\u0103 au reguli mai stricte in 2026 \ud83e\uddef&nbsp;<\/strong>\n            <\/p>\n<p style=\"text-align: left; margin: 16px 0; border: none; outline: none;\">\n              Dac\u0103 \u00een toamn\u0103 <a href=\"https:\/\/startco.ro\/newsletter\/valul-2-de-taxe-ce-pregateste-guvernul-pentru-firma-ta\/\" target=\"_blank\" style=\"color: #1038e0; font-weight: 400; text-decoration: underline;\">\u00ee\u021bi spuneam despre valul 2 de m\u0103suri fiscale<\/a> \u0219i toate schimb\u0103rile pe care Guvernul vrea s\u0103 le aplice \u00eencep\u00e2nd cu 1 ianuarie 2026, acum ANAF a venit cu <a href=\"https:\/\/static.anaf.ro\/static\/3\/Timisoara\/20260113162423_c1-2026.pdf\" target=\"_blank\" style=\"color: #1038e0; font-weight: 400; text-decoration: underline;\">clarific\u0103ri<\/a> referitoare la e\u0219alon\u0103ri \u0219i modul \u00een care se vor aplica.\n            <\/p>\n<p style=\"text-align: left; margin: 16px 0; border: none; outline: none;\">\n              <strong>Ce trebuie s\u0103 \u0219tii despre e\u0219alonarea simplificat\u0103 \u2705<\/strong>\n            <\/p>\n<p style=\"text-align: left; margin: 16px 0; border: none; outline: none;\">\n              Este varianta mai rapid\u0103 \u0219i implic\u0103 birocra\u021bie redus\u0103 fa\u021b\u0103 de e\u0219alonarea clasic\u0103. \u00cen cazul e\u0219alon\u0103rii simplificate, ANAF \u00ee\u021bi aprob\u0103 plata \u00een tran\u0219e f\u0103r\u0103 garan\u021bii, dar trebuie s\u0103 respec\u021bi ni\u0219te reguli:\n            <\/p>\n<ul style=\"text-align: left; border: none; outline: none;\">\n<li style=\"border: none; outline: none;\">Se acord\u0103 pe o perioad\u0103 de <strong>maximum 12 luni<\/strong><\/li>\n<li style=\"border: none; outline: none;\">Vechimea datoriilor trebuie s\u0103 fie de <strong>maximum 12 luni<\/strong> anterioare datei depunerii cererii<\/li>\n<li style=\"border: none; outline: none;\"><strong>Regul\u0103 nou\u0103 pentru 2026<\/strong>: ca persoan\u0103 juridic\u0103, trebuie s\u0103 fii \u00eenfiin\u021bat(\u0103) de <strong>minimum 12 luni<\/strong> \u00eenainte s\u0103 depui cererea<\/li>\n<\/ul>\n<p style=\"text-align: left; margin: 16px 0; border: none; outline: none;\">\n              Cine o poate accesa:\n            <\/p>\n<ul style=\"text-align: left; border: none; outline: none;\">\n<li style=\"border: none; outline: none;\"><strong>Persoane fizice<\/strong>: datorii totale \u00eentre 500 \u2013 100.000 lei.<\/li>\n<li style=\"border: none; outline: none;\"><strong>Asocieri f\u0103r\u0103 personalitate juridic\u0103<\/strong>: \u00eentre 2.000 \u2013 100.000 lei.<\/li>\n<li style=\"border: none; outline: none;\"><strong>Persoane juridice<\/strong>: \u00eentre 5.000 \u2013 400.000 lei.<\/li>\n<\/ul>\n<p style=\"text-align: left; margin: 16px 0; border: none; outline: none;\">\n              <strong>Ce trebuie s\u0103 \u0219tii despre e\u0219alonarea clasic\u0103 \u2705<\/strong>\n            <\/p>\n<p style=\"text-align: left; margin: 16px 0; border: none; outline: none;\">\n              Este varianta mai \u201eserioas\u0103&#8221; \u0219i se aplic\u0103, de regul\u0103, c\u00e2nd e\u0219ti <strong>peste plafoanele de la e\u0219alonarea simplificat\u0103<\/strong>, ai o situa\u021bie mai complex\u0103 sau ai nevoie de un termen mai lung.\n            <\/p>\n<p style=\"text-align: left; margin: 16px 0; border: none; outline: none;\">\n              E\u0219alonarea clasic\u0103 poate fi acordat\u0103 pe o perioad\u0103 de <strong>maximum 5 ani<\/strong> \u0219i nu are un plafon maxim de sum\u0103 (deci poate acoperi \u0219i datorii mari), dar vine cu garan\u021bii reale \u0219i\/sau contract de fideiusiune.\n            <\/p>\n<div style=\"margin: 10px 0px; border: none; outline: none;\">\n<hr style=\"border-width: 0; border-top: 1px solid #1038e0; margin-top: 0; margin-bottom: 0; outline: none;\" align=\"center\">\n            <\/div>\n<p style=\"text-align: left; margin: 16px 0; border: none; outline: none;\">\n              <strong>Noua procedur\u0103 pentru impunerea din oficiu la CAS\/CASS \ud83e\uddcd\u200d\u2642\ufe0f<\/strong>\n            <\/p>\n<p style=\"text-align: left; margin: 16px 0; border: none; outline: none;\">\n              <strong>Pe 14 ianuarie a ap\u0103rut \u00een Monitorul Oficial <\/strong><a href=\"https:\/\/legislatie.just.ro\/Public\/DetaliiDocumentAfis\/306388\" target=\"_blank\" style=\"color: #1038e0; font-weight: 400; text-decoration: underline;\"><strong>procedura<\/strong><\/a><strong> prin care ANAF poate stabili din oficiu CAS \u0219i\/sau CASS pentru anul 2024<\/strong>, atunci c\u00e2nd persoanele fizice aveau obliga\u021bia de declarare (Declara\u021bia Unic\u0103), dar nu \u0219i-au \u00eendeplinit-o.\n            <\/p>\n<p style=\"text-align: left; margin: 16px 0; border: none; outline: none;\">\n              <strong>\ud83d\udcdd Cum arat\u0103 procedura:<\/strong>\n            <\/p>\n<ul style=\"text-align: left; border: none; outline: none;\">\n<li style=\"border: none; outline: none;\">ANAF te notific\u0103 \u0219i \u00ee\u021bi d\u0103 15 zile ca s\u0103 depui declara\u021bia \u0219i s\u0103 te conformezi.<\/li>\n<li style=\"border: none; outline: none;\">Dac\u0103 tot nu o depui, poate emite decizie de impunere din oficiu (dup\u0103 notificare + audiere\/dreptul de a fi ascultat).<\/li>\n<li style=\"border: none; outline: none;\">Dac\u0103 depui declara\u021bia \u00een 60 de zile de la comunicarea deciziei, decizia \u201edin oficiu&#8221; se anuleaz\u0103.<\/li>\n<\/ul>\n<p style=\"text-align: left; margin: 16px 0; border: none; outline: none;\">\n              <strong>\ud83d\udccc Important:<\/strong> Dac\u0103 prime\u0219ti <strong>notificare \u00een SPV\/po\u0219t\u0103<\/strong>, depune Declara\u021bia Unic\u0103 rapid sau, dac\u0103 e cazul, documente justificative. Altfel, ri\u0219ti impunerea din oficiu.\n            <\/p>\n<\/p><\/div>\n<\/p><\/div>\n<\/p><\/div>\n<\/p><\/div>\n<div style=\"padding: 10px 0px; border: none; outline: none;\">\n<div style=\"max-width: 640px; margin-left: auto; margin-right: auto; border: none; outline: none;\">\n<div style=\"background: #eef0ff; border-radius: 10px; border: none; outline: none;\">\n<div style=\"padding: 20px; overflow: auto; border: none; outline: none;\">\n<h3 style=\"color: #0d1ad8; font-size: 18px; text-align: left; margin: 0px; border: none; outline: none;\">\n              \u23f0 <u>StartCo explic\u0103<\/u><br \/>\n            <\/h3>\n<p style=\"text-align: left; margin: 16px 0; border: none; outline: none;\">\n              <strong>C\u00e2nd \u00ee\u021bi poate declara ANAF-ul firma inactiv\u0103? \u26d4<\/strong>\n            <\/p>\n<p style=\"text-align: left; margin: 16px 0; border: none; outline: none;\">\n              Ai auzit, probabil, \u00een ultima perioad\u0103 mai multe \u0219tiri de genul: \u201eANAF a declarat mai multe firme inactive.&#8221; Ce \u00eenseamn\u0103, de fapt, s\u0103 declari o firm\u0103 inactiv\u0103 \u0219i c\u00e2nd poate face ANAF acest lucru?\n            <\/p>\n<p style=\"text-align: left; margin: 16px 0; border: none; outline: none;\">\n              <strong>ANAF \u00ee\u021bi poate declara firma inactiv\u0103 dac\u0103:<\/strong>\n            <\/p>\n<ul style=\"text-align: left; border: none; outline: none;\">\n<li style=\"border: none; outline: none;\">nu depui nicio declara\u021bie fiscal\u0103 obligatorie timp de un semestru calendaristic;<\/li>\n<li style=\"border: none; outline: none;\">ANAF nu te poate g\u0103si\/identifica la sediul fiscal (datele declarate nu permit identificarea);<\/li>\n<li style=\"border: none; outline: none;\">firma nu func\u021bioneaz\u0103 la domiciliul fiscal declarat;<\/li>\n<li style=\"border: none; outline: none;\">ai \u00eentreruperea temporar\u0103 a activit\u0103\u021bii \u00eenscris\u0103 la ONRC;<\/li>\n<li style=\"border: none; outline: none;\">\u021bi-a expirat durata de func\u021bionare (din actele firmei);<\/li>\n<li style=\"border: none; outline: none;\">nu mai ai organe statutare (ex.: a expirat mandatul administratorului \u0219i nu a fost prelungit);<\/li>\n<li style=\"border: none; outline: none;\">a expirat dreptul de folosin\u021b\u0103 pentru sediul social.<\/li>\n<\/ul>\n<p style=\"text-align: left; margin: 16px 0; border: none; outline: none;\">\n              Plus, <strong>de la 1 ianuarie 2026, prin <\/strong><a href=\"https:\/\/legislatie.just.ro\/Public\/DetaliiDocument\/305208\" target=\"_blank\" style=\"color: #1038e0; font-weight: 400; text-decoration: underline;\"><strong>Legea nr. 239\/2025<\/strong><\/a><strong>, au fost introduse dou\u0103 noi situa\u021bii \u00een care ANAF poate declara firmele din Rom\u00e2nia <\/strong><strong>inactive<\/strong>:\n            <\/p>\n<ul style=\"text-align: left; border: none; outline: none;\">\n<li style=\"border: none; outline: none;\">atunci c\u00e2nd firma nu are cont de pl\u0103\u021bi \u00een Rom\u00e2nia sau un cont deschis la o unitate a Trezoreriei Statului.<\/li>\n<li style=\"border: none; outline: none;\">atunci c\u00e2nd nu a depus situa\u021biile financiare anuale \u00een termen de 5 luni de la \u00eemplinirea termenului legal pentru depunerea acestora.&nbsp;<\/li>\n<\/ul>\n<p style=\"text-align: left; margin: 16px 0; border: none; outline: none;\">\n              <strong>\ud83d\udccc Ce trebuie s\u0103 \u0219tii despre inactivitate:<\/strong>\n            <\/p>\n<ul style=\"text-align: left; border: none; outline: none;\">\n<li style=\"border: none; outline: none;\"><strong>C\u00e2t po\u021bi fi \u00een inactivitate<\/strong>: maximum 1 an, timp \u00een care trebuie s\u0103 rezolvi motivul pentru care ai fost declarat inactiv. Dac\u0103 nu rezolvi \u00een decurs de 1 an, ANAF va solicita dizolvarea firmei.<\/li>\n<li style=\"border: none; outline: none;\"><strong>Ce \u00eenseamn\u0103 declararea inactivit\u0103\u021bii<\/strong>: o firm\u0103 inactiv\u0103 fiscal poate desf\u0103\u0219ura \u00een continuare activitate (pl\u0103te\u0219te taxe, impozite, inclusiv TVA, chiar dac\u0103 i se anuleaz\u0103 codul de TVA). \u00cen schimb, cei care primesc facturi de la o firm\u0103 inactiv\u0103 nu pot s\u0103-\u0219i deduc\u0103 TVA-ul \u0219i cheltuielile. Asta poate duce la probleme \u00een activitatea lor, iar cel mai probabil vor refuza s\u0103 mai colaboreze cu astfel de firme.&nbsp;<\/li>\n<li style=\"border: none; outline: none;\"><strong>Colaborarea cu alte firme<\/strong>: din punct de vedere contractual, po\u021bi colabora cu o firm\u0103 care este declarat\u0103 inactiv\u0103 fiscal, dar din punct de vedere fiscal nu este o idee bun\u0103:\n<ul style=\"border: none; outline: none;\">\n<li style=\"border: none; outline: none;\">dac\u0103 tu cumperi de la o firm\u0103 inactiv\u0103, nu ai drept de deducere nici pe cheltuial\u0103, nici pe TVA<\/li>\n<li style=\"border: none; outline: none;\">dac\u0103 tu vinzi c\u0103tre o firm\u0103 inactiv\u0103: clientul t\u0103u poate avea probleme de deductibilitate \u0219i, practic, \u00eei vinzi cu TVA\/cheltuial\u0103 nedeductibil\u0103&nbsp;<\/li>\n<\/ul>\n<\/li>\n<li style=\"border: none; outline: none;\"><strong>Suspendarea activit\u0103\u021bii la ONRC \u0219i inactivarea fiscal\u0103 la ANAF sunt dou\u0103 lucruri diferite<\/strong>: faptul c\u0103 \u021bi-ai suspendat firma la ONRC (p\u00e2n\u0103 la maximum 3 ani) nu \u00eenseamn\u0103 automat c\u0103 \u201eai sc\u0103pat&#8221; de tot ce \u021bine de ANAF. \u00cen func\u021bie de situa\u021bie, anumite declara\u021bii trebuie depuse \u00een continuare. Afl\u0103 mai multe despre asta <a href=\"https:\/\/startco.ro\/blog\/am-nevoie-de-contabil-daca-firma-mea-nu-are-activitate\/\" target=\"_blank\" style=\"color: #1038e0; font-weight: 400; text-decoration: underline;\">\u00een acest articol<\/a>.\n              <\/li>\n<\/ul>\n<p style=\"text-align: left; margin: 16px 0; border: none; outline: none;\">\n              \u26a0\ufe0f <strong>Aten\u021bie<\/strong>: dac\u0103 firma e declarat\u0103 inactiv\u0103, dar totu\u0219i continui s\u0103 lucrezi (vinzi\/cumperi), <strong>obliga\u021biile de plat\u0103 nu dispar<\/strong> (impozitele \u0219i taxele tot pot fi datorate). \u00cen schimb, tu nu \u00ee\u021bi mai po\u021bi deduce cheltuielile \u0219i TVA-ul din achizi\u021bii.\n            <\/p>\n<p style=\"text-align: left; margin: 16px 0; border: none; outline: none;\">\n              <strong>Un ultim lucru important:<\/strong> starea de inactivitate apare \u0219i \u00een cazierul fiscal \u2013 nu tocmai badge-ul pe care \u00eel vrei pentru afacerea ta.\n            <\/p>\n<\/p><\/div>\n<\/p><\/div>\n<\/p><\/div>\n<\/p><\/div>\n<div style=\"padding: 10px 0px; border: none; outline: none;\">\n<div style=\"max-width: 640px; margin-left: auto; margin-right: auto; border: none; outline: none;\">\n<div style=\"background: #eef0ff; border-radius: 10px; border: none; outline: none;\">\n<div style=\"padding: 20px; overflow: auto; border: none; outline: none;\">\n<h3 style=\"color: #0d1ad8; font-size: 18px; text-align: left; margin: 0px; border: none; outline: none;\">\n              \ud83d\udca1 <u>Sfatul S\u0103pt\u0103m\u00e2nii<\/u><br \/>\n            <\/h3>\n<p style=\"text-align: left; margin: 16px 0; border: none; outline: none;\">\n              <strong>De ce afacerea ta nu cre\u0219te (\u0219i cum po\u021bi rezolva asta) \ud83d\udcc8<\/strong>\n            <\/p>\n<p style=\"text-align: left; margin: 16px 0; border: none; outline: none;\">\n              Ce faci atunci c\u00e2nd afacerea stagneaz\u0103? Probabil, la fel ca mul\u021bi al\u021bii, atunci c\u00e2nd lucrurile nu merg tocmai bine, <strong>alegi s\u0103 adaugi mereu ceva nou<\/strong> sau ceva \u00een plus: un canal de marketing \u00een plus, lansezi \u00eenc\u0103 un experiment, cumperi un tool nou sau mai angajezi pe cineva. De\u0219i pare o abordare productiv\u0103, genul acesta de schimb\u0103ri gr\u0103bite de multe ori pot \u00eenr\u0103ut\u0103\u021bi situa\u021bia.\n            <\/p>\n<p style=\"text-align: left; margin: 16px 0; border: none; outline: none;\">\n              \u0218i asta pentru c\u0103, \u00een afaceri, <strong>cre\u0219terea este un sistem<\/strong>: conteaz\u0103 nu doar for\u021ba fiec\u0103rei componente \u00een mod individual, ci \u0219i c\u00e2t de bine se potrivesc toate piesele \u00eentre ele. Dac\u0103 o verig\u0103 din mecanism nu e aliniat\u0103, performan\u021ba general\u0103 va avea de suferit.\n            <\/p>\n<p style=\"text-align: left; margin: 16px 0; border: none; outline: none;\">\n              <strong>De ce e dificil s\u0103 identifici cauza real\u0103?<\/strong>\n            <\/p>\n<p style=\"text-align: left; margin: 16px 0; border: none; outline: none;\">\n              De cele mai multe ori, simptomul \u0219i cauza problemei sunt foarte departe una de alta. De exemplu, dac\u0103 \u00ee\u021bi cre\u0219te costul de achizi\u021bie al clien\u021bilor (CAC), instinctul este s\u0103 dai vina pe reclame; dac\u0103 scade rata de conversie, presupui c\u0103 pagina de landing e de vin\u0103; dac\u0103 pipeline-ul de v\u00e2nz\u0103ri \u00eencetine\u0219te, crezi c\u0103 problema \u021bine de canalul de v\u00e2nzare.\n            <\/p>\n<p style=\"text-align: left; margin: 16px 0; border: none; outline: none;\">\n              Aceste concluzii par (\u0219i sunt) logice, dar apar prea t\u00e2rziu. \u0218i asta pentru c\u0103, p\u00e2n\u0103 c\u00e2nd problema devine vizibil\u0103 \u00een date, cauza real\u0103 este deja \u00een sistem de ceva timp, undeva \u00een modul \u00een care diferitele p\u0103r\u021bi ale business-ului au fost concepute s\u0103 lucreze \u00eempreun\u0103. De aceea, po\u021bi s\u0103 munce\u0219ti extrem de mult \u0219i totu\u0219i s\u0103 sim\u021bi c\u0103 nu cre\u0219ti.\n            <\/p>\n<p style=\"text-align: left; margin: 16px 0; border: none; outline: none;\">\n              <strong>Trei probleme frecvente \u00een sistemul de cre\u0219tere \u2699\ufe0f<\/strong>\n            <\/p>\n<p style=\"text-align: left; margin: 16px 24px; border: none; outline: none;\">\n              <strong>\ud83d\udd39 Nealiniere \u00eentre Produs \u0219i Pia\u021b\u0103<\/strong>: asta \u00eenseamn\u0103 c\u0103 produsul nu se potrive\u0219te unei nevoi suficient de reale \u0219i urgente din pia\u021b\u0103. Cum \u00ee\u021bi dai seama de asta? Mul\u021bi utilizatori se \u00eenscriu, dar nu revin; feedback-ul este pozitiv, \u00eens\u0103 vag; reten\u021bia nu ajunge niciodat\u0103 la un platou stabil.\n            <\/p>\n<p style=\"text-align: left; margin: 16px 24px; border: none; outline: none;\">\n              Altfel spus, produsul func\u021bioneaz\u0103 dar nu rezolv\u0103 o \u201edurere&#8221; destul de acut\u0103 \u00eenc\u00e2t s\u0103 determine schimbarea comportamentului clien\u021bilor. Un exemplu simplu este un tool SaaS de colaborare online. Ideea e ok, \u00eens\u0103 pia\u021ba are deja alternative (Slack, Notion etc.), deci problema nu e suficient de presant\u0103 pentru a justifica adoptarea unei noi solu\u021bii.\n            <\/p>\n<p style=\"text-align: left; margin: 16px 24px; border: none; outline: none;\">\n              <strong>\ud83d\udd39 Lipsa compatibilit\u0103\u021bii Model &#8211; Pia\u021b\u0103<\/strong>: modul \u00een care monetizezi produsul (pre\u021bul, pachetele, tipul de abonament) nu se aliniaz\u0103 cu felul \u00een care clien\u021bii obi\u0219nuiesc s\u0103 cumpere (modelul de pre\u021b nu e potrivit). Cel mai des vezi asta c\u00e2nd poten\u021bialii clien\u021bi trag de timp chiar \u00eenainte de achizi\u021bie, apar mereu cereri de discount sau de planuri mai ieftine \u0219i solicit\u0103ri de perioade de prob\u0103 \u00eenainte de achizi\u021bie.\n            <\/p>\n<p style=\"text-align: left; margin: 16px 24px; border: none; outline: none;\">\n              Spre exemplu, un software cu abonament de 20 $\/lun\u0103\/utilizator pe care vrei s\u0103-l vinzi corpora\u021biilor: pre\u021bul pare mic, \u00eens\u0103 departamentul de achizi\u021bii nu vrea s\u0103 gestioneze un abonament mic per utilizator, ci un contract anual mai mare sau un pachet la nivel de firm\u0103. Problema nu e sensibilitatea la cost, ci neconcordan\u021ba dintre modelul t\u0103u de v\u00e2nzare \u0219i modul \u00een care clientul vrea (sau poate) s\u0103 cumpere.\n            <\/p>\n<p style=\"text-align: left; margin: 16px 24px; border: none; outline: none;\">\n              <strong>\ud83d\udd39 Nealiniere \u00eentre Produs \u0219i Canal<\/strong>: fiecare canal de marketing vine cu propriile niveluri de aten\u021bie, inten\u021bie \u0219i r\u0103bdare ale publicului. Dac\u0103 produsul t\u0103u cere mai mult\u0103 aten\u021bie sau implicare dec\u00e2t ofer\u0103 canalul respectiv, vei avea impresia c\u0103 acel canal \u201enu func\u021bioneaz\u0103&#8221;, chiar dac\u0103 \u00ee\u021bi aduce publicul potrivit (dar nemotivat s\u0103 cumpere).\n            <\/p>\n<p style=\"text-align: left; margin: 16px 24px; border: none; outline: none;\">\n              Po\u021bi s\u0103 \u00ee\u021bi dai seama de asta atunci c\u00e2nd ai destul trafic dar foarte pu\u021bine conversii, mul\u021bi abandoneaz\u0103 procesul de conversie \u00eenc\u0103 de la \u00eenceput sau atunci c\u00e2nd un canal func\u021bioneaz\u0103 la scar\u0103 mic\u0103, dar nu mai func\u021bioneaz\u0103 c\u00e2nd \u00eencerci s\u0103-l scalezi. Spre exemplu, un produs B2B de analiz\u0103 complex, promovat prin reclame pe Facebook: ads-urile atrag clicuri din curiozitate, dar procesul complicat de configurare (conectarea datelor, setarea dashboard-urilor, a\u0219teptarea rezultatelor) \u00eei face pe vizitatori s\u0103 abandoneze (inten\u021bie \u0219i r\u0103bdare reduse, pe c\u00e2nd produsul cere timp \u0219i focus).\n            <\/p>\n<p style=\"text-align: left; margin: 16px 0; border: none; outline: none;\">\n              Odat\u0103 ce repari alinierea, chiar \u0219i un canal la care ai renun\u021bat poate \u00eencepe brusc s\u0103 func\u021bioneze, iar adoptarea unei <strong>mentalit\u0103\u021bi \u00een jurul sistemului<\/strong> (\u0219i nu a cre\u0219terii \u00een sine) \u00ee\u021bi poate transforma strategia de cre\u0219tere.\n            <\/p>\n<p style=\"text-align: left; margin: 16px 0; border: none; outline: none;\">\n              Data viitoare c\u00e2nd sim\u021bi c\u0103 afacerea ta stagneaz\u0103, nu te gr\u0103bi s\u0103 \u00eencerci la nimereal\u0103 \u00eenc\u0103 un hack sau alt canal de promovare. Mai bine vezi unde se rupe leg\u0103tura, ce e nealiniat, ce nu func\u021bioneaz\u0103 \u00een sistemul t\u0103u de cre\u0219tere. S-ar putea ca deja <strong>s\u0103 ai toate piesele potrivite pe tabl\u0103<\/strong>; trebuie doar <strong>s\u0103 le rearanjezi corect<\/strong>.&nbsp;\n            <\/p>\n<\/p><\/div>\n<\/p><\/div>\n<\/p><\/div>\n<\/p><\/div>\n<div style=\"padding: 10px 0px; border: none; outline: none;\">\n<div style=\"max-width: 640px; margin-left: auto; margin-right: auto; border: none; outline: none;\">\n<div style=\"background: #eef0ff; border-radius: 10px; border: none; outline: none;\">\n<div style=\"padding: 20px; overflow: auto; border: none; outline: none;\">\n<h3 style=\"color: #0d1ad8; font-size: 18px; text-align: left; margin: 0px; border: none; outline: none;\">\n              \ud83d\udcda <u>Pe lista noastr\u0103<\/u><br \/>\n            <\/h3>\n<p style=\"text-align: left; margin: 16px 0; border: none; outline: none;\">\n              \ud83d\udcd8 <strong>Carte: <\/strong><a href=\"https:\/\/www.amazon.com\/12-Week-Year-Others-Months\/dp\/1118509234\" target=\"_blank\" style=\"color: #1038e0; font-weight: 400; text-decoration: underline;\"><strong>The 12 Week Year: Get More Done in 12 Weeks Than Others Do in 12 Months<\/strong><\/a><strong>&nbsp;<\/strong>\n            <\/p>\n<p style=\"text-align: left; margin: 16px 0; border: none; outline: none;\">\n              Ideea c\u0103r\u021bii e simpl\u0103 \u0219i brutal de eficient\u0103: \u00een loc s\u0103 g\u00e2nde\u0219ti \u201eanual&#8221;, mai bine lucrezi \u00een cicluri de 12 s\u0103pt\u0103m\u00e2ni, cu obiective clare, plan s\u0103pt\u0103m\u00e2nal \u0219i ritm de execu\u021bie (care s\u0103 \u0219i supravie\u021buiasc\u0103 zilelor aglomerate). Perfect\u0103 pentru \u00eenceputul de an, fiindc\u0103 te scoate din planuri frumoase \u0219i te bag\u0103 \u00een obiceiuri m\u0103surabile.\n            <\/p>\n<p style=\"text-align: left; margin: 16px 0; border: none; outline: none;\">\n              <strong>\ud83c\udfa7 Podcast<\/strong>: <a href=\"https:\/\/podcasts.apple.com\/us\/podcast\/how-i-built-this-with-guy-raz\/id1150510297\" target=\"_blank\" style=\"color: #1038e0; font-weight: 400; text-decoration: underline;\"><strong>How I Built This \u2013 HIBT Advice Line: \u201eTapping AI as a Resource for Your Business&#8221;<\/strong><\/a>\n            <\/p>\n<p style=\"text-align: left; margin: 16px 0; border: none; outline: none;\">\n              Numai bun pentru to\u021bi cei care \u00ee\u0219i promit c\u0103 \u00een 2026 vor folosi AI\u2026 dar nu \u0219tiu exact cum. Guy Raz, \u00eempreun\u0103 cu fondatori cu experien\u021b\u0103, r\u0103spund la \u00eentreb\u0103ri reale de la antreprenori despre cre\u0219tere \u0219i decizii practice: cum te faci remarcat \u00eentr-un social media aglomerat, cum te g\u00e2nde\u0219ti la AI ca resurs\u0103 (nu ca buzzword) \u0219i cum scalezi. Genul de episod care \u00ee\u021bi face ordine \u00een priorit\u0103\u021bi \u0219i \u00ee\u021bi d\u0103 2\u20133 idei aplicabile imediat.\n            <\/p>\n<p style=\"text-align: left; margin: 16px 0; border: none; outline: none;\">\n              <strong>\ud83d\udd8a\ufe0f Articol<\/strong>: <a href=\"https:\/\/a16z.com\/newsletter\/big-ideas-2026-part-2\/\" target=\"_blank\" style=\"color: #1038e0; font-weight: 400; text-decoration: underline;\"><strong>a16z \u2013 \u201eBig Ideas 2026: Part 2&#8243;<\/strong><\/a>\n            <\/p>\n<p style=\"text-align: left; margin: 16px 0; border: none; outline: none;\">\n              E genul de articol care \u00ee\u021bi d\u0103 \u201eharta&#8221; pentru unde se duc oportunit\u0103\u021bile \u00een 2026: AI + industrie, infrastructur\u0103 fizic\u0103, senzori\/observability \u00een lumea real\u0103, energie, manufacturing etc. Chiar dac\u0103 nu construie\u0219ti un business \u00een zonele astea, merit\u0103 citit ca s\u0103-\u021bi calibrezi strategia: unde se mut\u0103 bugetele, talentul \u0219i aten\u021bia (adic\u0103 exact lucrurile care \u00ee\u021bi influen\u021beaz\u0103 pia\u021ba).\n            <\/p>\n<p style=\"text-align: left; margin: 16px 0; border: none; outline: none;\">\n              <strong>\ud83d\udcf0 Newsletter<\/strong>: <a href=\"https:\/\/www.lennysnewsletter.com\/p\/best-of-lennys-newsletter-2026\" target=\"_blank\" style=\"color: #1038e0; font-weight: 400; text-decoration: underline;\"><strong>Lenny&#8217;s Newsletter \u2013 \u201eBest of Lenny&#8217;s Newsletter 2026&#8243;<\/strong><\/a>\n            <\/p>\n<p style=\"text-align: left; margin: 16px 0; border: none; outline: none;\">\n              O edi\u021bie \u201eone-stop shop&#8221; pentru \u00eenceput de an: cele mai bune materiale din ultimul an + obiectivele lui pentru 2026. Practic, \u00ee\u021bi alegi 3\u20135 articole din list\u0103 \u0219i ai un mini-MBA de product, growth \u0219i AI adoption f\u0103r\u0103 s\u0103-\u021bi r\u0103pe\u0219ti luna ianuarie.\n            <\/p>\n<\/p><\/div>\n<\/p><\/div>\n<\/p><\/div>\n<\/p><\/div>\n<div style=\"padding: 10px 0px; border: none; outline: none;\">\n<div style=\"max-width: 640px; margin-left: auto; margin-right: auto; border: none; outline: none;\">\n<div style=\"background: #ffcc80; border-radius: 10px; border: none; outline: none;\">\n<div style=\"padding: 20px; overflow: auto; border: none; outline: none;\">\n<h3 style=\"color: #0d1ad8; font-size: 18px; text-align: left; margin: 0px; border: none; outline: none;\">\n              \ud83d\udcad <u>Un g\u00e2nd de final<\/u><br \/>\n            <\/h3>\n<p style=\"text-align: left; margin: 16px 0; border: none; outline: none;\">\n              <em><strong>\u201eAm \u00eenv\u0103\u021bat s\u0103-mi asum mereu lucruri pe care nu le-am mai f\u0103cut niciodat\u0103. Cre\u0219terea \u0219i confortul nu coexist\u0103.&#8221; \u2013 Arianna Huffington<\/strong><\/em>\n            <\/p>\n<p style=\"text-align: left; margin: 16px 0; border: none; outline: none;\">La nivel teoretic, cu to\u021bii \u0219tim asta. Dar \u00een practic\u0103, de fiecare dat\u0103 g\u0103se\u0219ti o mie de motive <strong>s\u0103 r\u0103m\u00e2i acolo unde e \u201ecald \u0219i bine\u201d<\/strong>. De ce? Pentru c\u0103 e un loc cunoscut, lini\u0219titor. Dar are \u0219i un pre\u021b: <strong>te \u021bine pe loc<\/strong>.<\/p>\n<p style=\"text-align: left; margin: 16px 0; border: none; outline: none;\">De cealalt\u0103 parte, <strong>cre\u0219terea miroase a necunoscut<\/strong>. \u00ce\u021bi pune \u00eentreb\u0103ri, \u00ee\u021bi zg\u00e2rie orgoliul, te pune din nou \u00een postura de \u00eencep\u0103tor. Iar asta nu e tot timpul pl\u0103cut.<\/p>\n<p style=\"text-align: left; margin: 16px 0; border: none; outline: none;\"><strong>Paradoxul e simplu<\/strong>: progresul nu se simte ca un salt, ci ca o succesiune de momente \u00een care alegi disconfortul potrivit. Intri \u00een \u00eenc\u0103perea \u00een care te sim\u021bi pu\u021bin stingher. Spui \u201enu \u0219tiu \u00eenc\u0103, dar aflu\u201d. <strong>\u00ce\u021bi alegi inten\u021bionat un drum pe care n-ai mai mers<\/strong>.<\/p>\n<p style=\"text-align: left; margin: 16px 0; border: none; outline: none;\">Dup\u0103 un timp, locul incomod devine noul t\u0103u normal. <strong>Asta \u00eenseamn\u0103 cre\u0219tere<\/strong>: o rela\u021bie s\u0103n\u0103toas\u0103 cu disconfortul \u00een locul confortului permanent. \u0218i nu e despre eroism, ci despre curajul de a \u00eencepe iar \u0219i iar.<\/p>\n<p style=\"text-align: left; margin: 16px 0; border: none; outline: none;\">Dac\u0103 vrei un an diferit, <strong>alege o u\u0219\u0103 pe care n-ai mai deschis-o<\/strong>. Nu pentru c\u0103 e u\u0219or, ci pentru c\u0103 <strong>acolo s-ar putea s\u0103 g\u0103se\u0219ti urm\u0103toarea ta versiune<\/strong>.<\/p>\n<\/p><\/div>\n<\/p><\/div>\n<\/p><\/div>\n<\/p><\/div>\n<\/p><\/div>\n<p><\/body> <\/p>\n","protected":false},"excerpt":{"rendered":"<p>Plus: Reguli mai stricte la e\u0219alon\u0103ri, ANAF impune din oficiu CAS\/CASS pe 2024 \u0219i ce s\u0103 faci c\u00e2nd business-ul nu cre\u0219te<\/p>\n","protected":false},"author":4,"featured_media":0,"comment_status":"closed","ping_status":"open","sticky":false,"template":"","format":"standard","meta":{"_acf_changed":false,"_kad_post_transparent":"","_kad_post_title":"","_kad_post_layout":"","_kad_post_sidebar_id":"","_kad_post_content_style":"","_kad_post_vertical_padding":"","_kad_post_feature":"","_kad_post_feature_position":"","_kad_post_header":false,"_kad_post_footer":false,"footnotes":""},"categories":[1],"tags":[],"class_list":["post-822","post","type-post","status-publish","format-standard","hentry","category-blog"],"acf":[],"yoast_head":"<!-- This site is optimized with the Yoast SEO Premium plugin v25.5 (Yoast SEO v26.8) - https:\/\/yoast.com\/product\/yoast-seo-premium-wordpress\/ -->\n<title>C\u00e2nd \u00ee\u021bi declar\u0103 ANAF firma inactiv\u0103 | StartCo Newsletter<\/title>\n<meta name=\"robots\" content=\"index, follow, max-snippet:-1, max-image-preview:large, max-video-preview:-1\" \/>\n<link rel=\"canonical\" href=\"https:\/\/startco.ro\/newsletter\/cand-iti-declara-anaf-firma-inactiva\/\" \/>\n<meta property=\"og:locale\" content=\"ro_RO\" \/>\n<meta property=\"og:type\" content=\"article\" \/>\n<meta property=\"og:title\" content=\"C\u00e2nd \u00ee\u021bi declar\u0103 ANAF firma inactiv\u0103\" \/>\n<meta property=\"og:description\" content=\"Plus: Reguli mai stricte la e\u0219alon\u0103ri, ANAF impune din oficiu CAS\/CASS pe 2024 \u0219i ce s\u0103 faci c\u00e2nd business-ul nu cre\u0219te\" \/>\n<meta property=\"og:url\" content=\"https:\/\/startco.ro\/newsletter\/cand-iti-declara-anaf-firma-inactiva\/\" \/>\n<meta property=\"og:site_name\" content=\"StartCo\" \/>\n<meta property=\"article:published_time\" content=\"2026-01-21T09:00:00+00:00\" \/>\n<meta property=\"og:image\" content=\"https:\/\/startco.ro\/newsletter\/wp-content\/uploads\/2025\/04\/group-8-67ff5b86798e232a7601e31f-@2x.webp\" \/>\n\t<meta property=\"og:image:width\" content=\"2348\" \/>\n\t<meta property=\"og:image:height\" content=\"1837\" \/>\n\t<meta property=\"og:image:type\" content=\"image\/webp\" \/>\n<meta name=\"author\" content=\"Vlad\" \/>\n<meta name=\"twitter:card\" content=\"summary_large_image\" \/>\n<meta name=\"twitter:label1\" content=\"Scris de\" \/>\n\t<meta name=\"twitter:data1\" content=\"Vlad\" \/>\n\t<meta name=\"twitter:label2\" content=\"Timp estimat pentru citire\" \/>\n\t<meta name=\"twitter:data2\" content=\"12 minute\" \/>\n<script type=\"application\/ld+json\" class=\"yoast-schema-graph\">{\"@context\":\"https:\/\/schema.org\",\"@graph\":[{\"@type\":\"Article\",\"@id\":\"https:\/\/startco.ro\/newsletter\/cand-iti-declara-anaf-firma-inactiva\/#article\",\"isPartOf\":{\"@id\":\"https:\/\/startco.ro\/newsletter\/cand-iti-declara-anaf-firma-inactiva\/\"},\"author\":{\"name\":\"Vlad\",\"@id\":\"https:\/\/startco.ro\/newsletter\/#\/schema\/person\/84032f6cb88d0064e3e45bde5b59bdab\"},\"headline\":\"C\u00e2nd \u00ee\u021bi declar\u0103 ANAF firma inactiv\u0103\",\"datePublished\":\"2026-01-21T09:00:00+00:00\",\"mainEntityOfPage\":{\"@id\":\"https:\/\/startco.ro\/newsletter\/cand-iti-declara-anaf-firma-inactiva\/\"},\"wordCount\":2245,\"publisher\":{\"@id\":\"https:\/\/startco.ro\/newsletter\/#organization\"},\"articleSection\":[\"Blog\"],\"inLanguage\":\"ro-RO\"},{\"@type\":\"WebPage\",\"@id\":\"https:\/\/startco.ro\/newsletter\/cand-iti-declara-anaf-firma-inactiva\/\",\"url\":\"https:\/\/startco.ro\/newsletter\/cand-iti-declara-anaf-firma-inactiva\/\",\"name\":\"C\u00e2nd \u00ee\u021bi declar\u0103 ANAF firma inactiv\u0103 | StartCo Newsletter\",\"isPartOf\":{\"@id\":\"https:\/\/startco.ro\/newsletter\/#website\"},\"datePublished\":\"2026-01-21T09:00:00+00:00\",\"breadcrumb\":{\"@id\":\"https:\/\/startco.ro\/newsletter\/cand-iti-declara-anaf-firma-inactiva\/#breadcrumb\"},\"inLanguage\":\"ro-RO\",\"potentialAction\":[{\"@type\":\"ReadAction\",\"target\":[\"https:\/\/startco.ro\/newsletter\/cand-iti-declara-anaf-firma-inactiva\/\"]}]},{\"@type\":\"BreadcrumbList\",\"@id\":\"https:\/\/startco.ro\/newsletter\/cand-iti-declara-anaf-firma-inactiva\/#breadcrumb\",\"itemListElement\":[{\"@type\":\"ListItem\",\"position\":1,\"name\":\"Prima pagin\u0103\",\"item\":\"https:\/\/startco.ro\/newsletter\/\"},{\"@type\":\"ListItem\",\"position\":2,\"name\":\"C\u00e2nd \u00ee\u021bi declar\u0103 ANAF firma inactiv\u0103\"}]},{\"@type\":\"WebSite\",\"@id\":\"https:\/\/startco.ro\/newsletter\/#website\",\"url\":\"https:\/\/startco.ro\/newsletter\/\",\"name\":\"StartCo\",\"description\":\"Newsletter-ul #1 pentru antreprenorii care vor s\u0103 fie cu un pas \u00eenainte\",\"publisher\":{\"@id\":\"https:\/\/startco.ro\/newsletter\/#organization\"},\"potentialAction\":[{\"@type\":\"SearchAction\",\"target\":{\"@type\":\"EntryPoint\",\"urlTemplate\":\"https:\/\/startco.ro\/newsletter\/?s={search_term_string}\"},\"query-input\":{\"@type\":\"PropertyValueSpecification\",\"valueRequired\":true,\"valueName\":\"search_term_string\"}}],\"inLanguage\":\"ro-RO\"},{\"@type\":\"Organization\",\"@id\":\"https:\/\/startco.ro\/newsletter\/#organization\",\"name\":\"StartCo\",\"url\":\"https:\/\/startco.ro\/newsletter\/\",\"logo\":{\"@type\":\"ImageObject\",\"inLanguage\":\"ro-RO\",\"@id\":\"https:\/\/startco.ro\/newsletter\/#\/schema\/logo\/image\/\",\"url\":\"https:\/\/startco.ro\/newsletter\/wp-content\/uploads\/2025\/07\/1.png\",\"contentUrl\":\"https:\/\/startco.ro\/newsletter\/wp-content\/uploads\/2025\/07\/1.png\",\"width\":1902,\"height\":1660,\"caption\":\"StartCo\"},\"image\":{\"@id\":\"https:\/\/startco.ro\/newsletter\/#\/schema\/logo\/image\/\"},\"description\":\"Newsletter-ul #1 pentru antreprenorii care vor s\u0103 fie cu un pas \u00eenainte Deadline-uri fiscale, modific\u0103ri legislative, oportunit\u0103\u021bi de business \u0219i sfaturi care te ajut\u0103 s\u0103 iei decizii bune pentru firma ta. Simplu, clar \u0219i aplicat \u2014 trimis s\u0103pt\u0103m\u00e2nal, direct \u00een inbox.\",\"email\":\"newsletter@startco.ro\",\"telephone\":\"0371 700 410\",\"legalName\":\"StartCo\",\"numberOfEmployees\":{\"@type\":\"QuantitativeValue\",\"minValue\":\"51\",\"maxValue\":\"200\"}},{\"@type\":\"Person\",\"@id\":\"https:\/\/startco.ro\/newsletter\/#\/schema\/person\/84032f6cb88d0064e3e45bde5b59bdab\",\"name\":\"Vlad\",\"image\":{\"@type\":\"ImageObject\",\"inLanguage\":\"ro-RO\",\"@id\":\"https:\/\/startco.ro\/newsletter\/#\/schema\/person\/image\/\",\"url\":\"https:\/\/secure.gravatar.com\/avatar\/a6d0274bb3672c40205fe464c36fb6ba?s=96&d=mm&r=g\",\"contentUrl\":\"https:\/\/secure.gravatar.com\/avatar\/a6d0274bb3672c40205fe464c36fb6ba?s=96&d=mm&r=g\",\"caption\":\"Vlad\"},\"url\":\"https:\/\/startco.ro\/newsletter\/author\/vlad\/\"}]}<\/script>\n<!-- \/ Yoast SEO Premium plugin. -->","yoast_head_json":{"title":"C\u00e2nd \u00ee\u021bi declar\u0103 ANAF firma inactiv\u0103 | StartCo Newsletter","robots":{"index":"index","follow":"follow","max-snippet":"max-snippet:-1","max-image-preview":"max-image-preview:large","max-video-preview":"max-video-preview:-1"},"canonical":"https:\/\/startco.ro\/newsletter\/cand-iti-declara-anaf-firma-inactiva\/","og_locale":"ro_RO","og_type":"article","og_title":"C\u00e2nd \u00ee\u021bi declar\u0103 ANAF firma inactiv\u0103","og_description":"Plus: Reguli mai stricte la e\u0219alon\u0103ri, ANAF impune din oficiu CAS\/CASS pe 2024 \u0219i ce s\u0103 faci c\u00e2nd business-ul nu cre\u0219te","og_url":"https:\/\/startco.ro\/newsletter\/cand-iti-declara-anaf-firma-inactiva\/","og_site_name":"StartCo","article_published_time":"2026-01-21T09:00:00+00:00","og_image":[{"width":2348,"height":1837,"url":"https:\/\/startco.ro\/newsletter\/wp-content\/uploads\/2025\/04\/group-8-67ff5b86798e232a7601e31f-@2x.webp","type":"image\/webp"}],"author":"Vlad","twitter_card":"summary_large_image","twitter_misc":{"Scris de":"Vlad","Timp estimat pentru citire":"12 minute"},"schema":{"@context":"https:\/\/schema.org","@graph":[{"@type":"Article","@id":"https:\/\/startco.ro\/newsletter\/cand-iti-declara-anaf-firma-inactiva\/#article","isPartOf":{"@id":"https:\/\/startco.ro\/newsletter\/cand-iti-declara-anaf-firma-inactiva\/"},"author":{"name":"Vlad","@id":"https:\/\/startco.ro\/newsletter\/#\/schema\/person\/84032f6cb88d0064e3e45bde5b59bdab"},"headline":"C\u00e2nd \u00ee\u021bi declar\u0103 ANAF firma inactiv\u0103","datePublished":"2026-01-21T09:00:00+00:00","mainEntityOfPage":{"@id":"https:\/\/startco.ro\/newsletter\/cand-iti-declara-anaf-firma-inactiva\/"},"wordCount":2245,"publisher":{"@id":"https:\/\/startco.ro\/newsletter\/#organization"},"articleSection":["Blog"],"inLanguage":"ro-RO"},{"@type":"WebPage","@id":"https:\/\/startco.ro\/newsletter\/cand-iti-declara-anaf-firma-inactiva\/","url":"https:\/\/startco.ro\/newsletter\/cand-iti-declara-anaf-firma-inactiva\/","name":"C\u00e2nd \u00ee\u021bi declar\u0103 ANAF firma inactiv\u0103 | StartCo Newsletter","isPartOf":{"@id":"https:\/\/startco.ro\/newsletter\/#website"},"datePublished":"2026-01-21T09:00:00+00:00","breadcrumb":{"@id":"https:\/\/startco.ro\/newsletter\/cand-iti-declara-anaf-firma-inactiva\/#breadcrumb"},"inLanguage":"ro-RO","potentialAction":[{"@type":"ReadAction","target":["https:\/\/startco.ro\/newsletter\/cand-iti-declara-anaf-firma-inactiva\/"]}]},{"@type":"BreadcrumbList","@id":"https:\/\/startco.ro\/newsletter\/cand-iti-declara-anaf-firma-inactiva\/#breadcrumb","itemListElement":[{"@type":"ListItem","position":1,"name":"Prima pagin\u0103","item":"https:\/\/startco.ro\/newsletter\/"},{"@type":"ListItem","position":2,"name":"C\u00e2nd \u00ee\u021bi declar\u0103 ANAF firma inactiv\u0103"}]},{"@type":"WebSite","@id":"https:\/\/startco.ro\/newsletter\/#website","url":"https:\/\/startco.ro\/newsletter\/","name":"StartCo","description":"Newsletter-ul #1 pentru antreprenorii care vor s\u0103 fie cu un pas \u00eenainte","publisher":{"@id":"https:\/\/startco.ro\/newsletter\/#organization"},"potentialAction":[{"@type":"SearchAction","target":{"@type":"EntryPoint","urlTemplate":"https:\/\/startco.ro\/newsletter\/?s={search_term_string}"},"query-input":{"@type":"PropertyValueSpecification","valueRequired":true,"valueName":"search_term_string"}}],"inLanguage":"ro-RO"},{"@type":"Organization","@id":"https:\/\/startco.ro\/newsletter\/#organization","name":"StartCo","url":"https:\/\/startco.ro\/newsletter\/","logo":{"@type":"ImageObject","inLanguage":"ro-RO","@id":"https:\/\/startco.ro\/newsletter\/#\/schema\/logo\/image\/","url":"https:\/\/startco.ro\/newsletter\/wp-content\/uploads\/2025\/07\/1.png","contentUrl":"https:\/\/startco.ro\/newsletter\/wp-content\/uploads\/2025\/07\/1.png","width":1902,"height":1660,"caption":"StartCo"},"image":{"@id":"https:\/\/startco.ro\/newsletter\/#\/schema\/logo\/image\/"},"description":"Newsletter-ul #1 pentru antreprenorii care vor s\u0103 fie cu un pas \u00eenainte Deadline-uri fiscale, modific\u0103ri legislative, oportunit\u0103\u021bi de business \u0219i sfaturi care te ajut\u0103 s\u0103 iei decizii bune pentru firma ta. Simplu, clar \u0219i aplicat \u2014 trimis s\u0103pt\u0103m\u00e2nal, direct \u00een inbox.","email":"newsletter@startco.ro","telephone":"0371 700 410","legalName":"StartCo","numberOfEmployees":{"@type":"QuantitativeValue","minValue":"51","maxValue":"200"}},{"@type":"Person","@id":"https:\/\/startco.ro\/newsletter\/#\/schema\/person\/84032f6cb88d0064e3e45bde5b59bdab","name":"Vlad","image":{"@type":"ImageObject","inLanguage":"ro-RO","@id":"https:\/\/startco.ro\/newsletter\/#\/schema\/person\/image\/","url":"https:\/\/secure.gravatar.com\/avatar\/a6d0274bb3672c40205fe464c36fb6ba?s=96&d=mm&r=g","contentUrl":"https:\/\/secure.gravatar.com\/avatar\/a6d0274bb3672c40205fe464c36fb6ba?s=96&d=mm&r=g","caption":"Vlad"},"url":"https:\/\/startco.ro\/newsletter\/author\/vlad\/"}]}},"_links":{"self":[{"href":"https:\/\/startco.ro\/newsletter\/wp-json\/wp\/v2\/posts\/822","targetHints":{"allow":["GET"]}}],"collection":[{"href":"https:\/\/startco.ro\/newsletter\/wp-json\/wp\/v2\/posts"}],"about":[{"href":"https:\/\/startco.ro\/newsletter\/wp-json\/wp\/v2\/types\/post"}],"author":[{"embeddable":true,"href":"https:\/\/startco.ro\/newsletter\/wp-json\/wp\/v2\/users\/4"}],"replies":[{"embeddable":true,"href":"https:\/\/startco.ro\/newsletter\/wp-json\/wp\/v2\/comments?post=822"}],"version-history":[{"count":4,"href":"https:\/\/startco.ro\/newsletter\/wp-json\/wp\/v2\/posts\/822\/revisions"}],"predecessor-version":[{"id":828,"href":"https:\/\/startco.ro\/newsletter\/wp-json\/wp\/v2\/posts\/822\/revisions\/828"}],"wp:attachment":[{"href":"https:\/\/startco.ro\/newsletter\/wp-json\/wp\/v2\/media?parent=822"}],"wp:term":[{"taxonomy":"category","embeddable":true,"href":"https:\/\/startco.ro\/newsletter\/wp-json\/wp\/v2\/categories?post=822"},{"taxonomy":"post_tag","embeddable":true,"href":"https:\/\/startco.ro\/newsletter\/wp-json\/wp\/v2\/tags?post=822"}],"curies":[{"name":"wp","href":"https:\/\/api.w.org\/{rel}","templated":true}]}}