{"id":523,"date":"2025-07-09T19:50:29","date_gmt":"2025-07-09T17:50:29","guid":{"rendered":"https:\/\/startco.ro\/newsletter\/?p=523"},"modified":"2025-07-09T19:50:29","modified_gmt":"2025-07-09T17:50:29","slug":"tva-ul-creste-la-21-ce-trebuie-sa-faci-pana-in-august","status":"publish","type":"post","link":"https:\/\/startco.ro\/newsletter\/tva-ul-creste-la-21-ce-trebuie-sa-faci-pana-in-august\/","title":{"rendered":"TVA-ul cre\u0219te la 21%. Ce trebuie s\u0103 faci p\u00e2n\u0103 \u00een august"},"content":{"rendered":"<p><style>.100img img{width:100%!important;height:100%!important}<\/style>\n<\/p>\n<div style=\"max-width: 600px; margin: 10px auto 0 auto; background: #ffffff; border-radius: 10px; box-shadow: 0 4px 8px rgba(0, 0, 0, 0.1);\">\n<div style=\"padding: 15px; margin: 10px 0; background: #eef0ff; border-radius: 8px;\"><strong><span style=\"font-family: Helvetica, Arial, Verdana, sans-serif; font-size: 18px;\">\ud83d\udd0d <span style=\"text-decoration: underline; color: #0d1ad8;\">Subiectele s\u0103pt\u0103m\u00e2nii, pe scurt<\/span><\/span><\/strong><\/p>\n<ul>\n<li aria-level=\"1\"><span style=\"font-family: Helvetica, Arial, Verdana, sans-serif; font-size: 16px;\">TVA cre\u0219te la 21% din august \u2013 cum te afecteaz\u0103 \u0219i ce ai de f\u0103cut<\/span><\/li>\n<li aria-level=\"1\"><span style=\"font-family: Helvetica, Arial, Verdana, sans-serif; font-size: 16px;\">Misterul plafonului de TVA de 395.000 lei care nu a mai ap\u0103rut<\/span><\/li>\n<li aria-level=\"1\"><span style=\"font-family: Helvetica, Arial, Verdana, sans-serif; font-size: 16px;\">C\u00e2nd r\u0103m\u00e2i f\u0103r\u0103 re\u021bet\u0103, doar principiile te salveaz\u0103<\/span><\/li>\n<li aria-level=\"1\"><span style=\"font-family: Helvetica, Arial, Verdana, sans-serif; font-size: 16px;\">Anturajul care \u00ee\u021bi construie\u0219te sau \u00ee\u021bi demoleaz\u0103 viitorul<\/span><\/li>\n<\/ul>\n<\/div>\n<div style=\"padding: 15px; margin: 10px 0; background: #eef0ff; border-radius: 8px;\"><strong><span style=\"font-family: Helvetica, Arial, Verdana, sans-serif; font-size: 18px;\"><span style=\"font-family: Helvetica, Arial, Verdana, sans-serif;\">\ud83d\uddd3\ufe0f <\/span><span style=\"text-decoration: underline; color: #0d1ad8;\"><span style=\"font-size: 18px; font-family: Helvetica, Arial, Verdana, sans-serif;\">Ce s-a mai schimbat<\/span><br \/><\/span><\/span><\/strong><\/p>\n<p><span style=\"font-family: Helvetica, Arial, Verdana, sans-serif; font-size: 16px;\"><b><strong><span style=\"font-family: Helvetica, Arial, Verdana, sans-serif; font-size: 18px;\"><span style=\"color: #0000ff;\"><span style=\"font-size: 16px;\"><span style=\"font-family: Helvetica, Arial, Verdana, sans-serif;\">#<\/span><\/span><\/span> <\/span><\/strong><span style=\"font-size: 16px; font-family: Helvetica, Arial, Verdana, sans-serif;\">TVA cre\u0219te la 21% din august. Cum te afecteaz\u0103 \u0219i ce ai de f\u0103cut<\/span><br \/><\/b><\/span><\/p>\n<p><span style=\"font-size: 16px; font-family: Helvetica, Arial, Verdana, sans-serif;\"><span style=\"font-weight: 400;\"><br \/>Cea mai important\u0103 modificare din noul pachet de m\u0103suri fiscale anun\u021bat de Guvern, \u0219i totodat\u0103 cea pe care nu \u0219i-o dorea nimeni: <\/span><b>TVA-ul standard urc\u0103 de la 19% la 21% \u00eencep\u00e2nd cu 1 august 2025<\/b><span style=\"font-weight: 400;\">.<\/span><\/span><\/p>\n<p><span style=\"font-weight: 400; font-size: 16px; font-family: Helvetica, Arial, Verdana, sans-serif;\"><br \/>\u26a0\ufe0f E o schimbare care va afecta absolut <span style=\"text-decoration: underline;\">toate firmele din Rom\u00e2nia<\/span> \u0219i, indirect, to\u021bi consumatorii.<\/p>\n<p><\/span><\/p>\n<h4><span style=\"font-size: 16px; font-family: Helvetica, Arial, Verdana, sans-serif;\"><b><br \/>\ud83d\udccc Ce se schimb\u0103 mai exact:<\/b><\/span><\/h4>\n<ul>\n<li style=\"font-weight: 400;\" aria-level=\"1\"><span style=\"font-size: 16px; font-family: Helvetica, Arial, Verdana, sans-serif;\"><b>TVA-ul standard cre\u0219te la 21%<\/b><span style=\"font-weight: 400;\"> de la 1 august 2025<\/span><span style=\"font-weight: 400;\">\n<p><\/span><\/span><\/li>\n<li style=\"font-weight: 400;\" aria-level=\"1\"><span style=\"font-size: 16px; font-family: Helvetica, Arial, Verdana, sans-serif;\"><b>Noua cot\u0103 redus\u0103 va fi 11%<\/b><span style=\"font-weight: 400;\">, aplicabil\u0103 pentru produse \u0219i servicii esen\u021biale: alimente de baz\u0103, ap\u0103, c\u0103r\u021bi, lemn de foc, energie termic\u0103, servicii turistice<\/span><span style=\"font-weight: 400;\">\n<p><\/span><\/span><\/li>\n<li style=\"font-weight: 400;\" aria-level=\"1\"><span style=\"font-size: 16px; font-family: Helvetica, Arial, Verdana, sans-serif;\"><b>Dispar complet cotele de 5% \u0219i 9%<\/b><b>\n<p><\/b><\/span><\/li>\n<li style=\"font-weight: 400;\" aria-level=\"1\"><span style=\"font-size: 16px; font-family: Helvetica, Arial, Verdana, sans-serif;\"><b>Accizele cresc cu 10%<\/b><span style=\"font-weight: 400;\">, \u00een dou\u0103 tran\u0219e: 1 august 2025 \u0219i 1 ianuarie 2026 \u2192 cre\u0219teri de costuri la alcool, tutun, carburan\u021bi \u0219i indirect la transport, energie, livr\u0103ri<\/span><span style=\"font-weight: 400;\">\n<p><\/span><\/span><\/li>\n<\/ul>\n<h4><span style=\"font-size: 16px; font-family: Helvetica, Arial, Verdana, sans-serif;\"><b>\ud83d\udccc Ce r\u0103m\u00e2ne neschimbat (deocamdat\u0103):<\/b><\/span><\/h4>\n<ul>\n<li style=\"font-weight: 400;\" aria-level=\"1\"><span style=\"font-size: 16px; font-family: Helvetica, Arial, Verdana, sans-serif;\"><b>Impozitul pe dividende r\u0103m\u00e2ne 10% p\u00e2n\u0103 la finalul anului 2025<\/b><b>\n<p><\/b><\/span><\/li>\n<li style=\"font-weight: 400;\" aria-level=\"1\"><span style=\"font-size: 16px; font-family: Helvetica, Arial, Verdana, sans-serif;\"><b>Cre\u0219te la 16% abia din 1 ianuarie 2026<\/b><b>\n<p><\/b><\/span><\/li>\n<li style=\"font-weight: 400;\" aria-level=\"1\"><span style=\"font-size: 16px; font-family: Helvetica, Arial, Verdana, sans-serif;\"><b>Impozitul pe profit r\u0103m\u00e2ne la 16%<\/b><b>\n<p><\/b><\/span><\/li>\n<\/ul>\n<h4><span style=\"font-size: 16px; font-family: Helvetica, Arial, Verdana, sans-serif;\"><b>\ud83d\udccc Ce \u00eenseamn\u0103 asta pentru tine:<\/b><\/span><\/h4>\n<p><span style=\"font-size: 16px; font-family: Helvetica, Arial, Verdana, sans-serif;\"><b>Dac\u0103 e\u0219ti pl\u0103titor de TVA<\/b><span style=\"font-weight: 400;\">:<\/span><span style=\"font-weight: 400;\"><br \/><\/span><span style=\"font-weight: 400;\"> \u2192 \u00cencep\u00e2nd cu 1 august, aplici cota de 21% sau 11%, \u00een func\u021bie de produsul sau serviciul oferit<\/span><span style=\"font-weight: 400;\"><br \/><\/span><span style=\"font-weight: 400;\"> \u2192 Verific\u0103 din timp softul de facturare \u0219i actualizeaz\u0103 cotele de TVA<\/p>\n<p><\/span><\/span><\/p>\n<p><span style=\"font-size: 16px; font-family: Helvetica, Arial, Verdana, sans-serif;\"><b>Dac\u0103 e\u0219ti nepl\u0103titor de TVA<\/b><span style=\"font-weight: 400;\">:<\/span><span style=\"font-weight: 400;\"><br \/><\/span><span style=\"font-weight: 400;\"> \u2192 Furnizorii t\u0103i vor cre\u0219te pre\u021burile cu aproximativ 2 procente <\/span><span style=\"font-weight: 400;\"><br \/><\/span><span style=\"font-weight: 400;\"> \u2192 Calculeaz\u0103 impactul asupra marjelor tale de profit<\/p>\n<p><\/span><\/span><\/p>\n<p><span style=\"font-size: 16px; font-family: Helvetica, Arial, Verdana, sans-serif;\"><b>Dac\u0103 vrei s\u0103 sco\u021bi bani din firm\u0103<\/b><span style=\"font-weight: 400;\">:<\/span><span style=\"font-weight: 400;\"><br \/><\/span><span style=\"font-weight: 400;\"> \u2192 Po\u021bi distribui dividende interimare pentru trimestrele 1 \u0219i 2 <\/span><b>chiar din iulie<\/b><span style=\"font-weight: 400;\">, cu impozit 10%<\/span><span style=\"font-weight: 400;\"><br \/><\/span><span style=\"font-weight: 400;\"> \u2192 \u00cen octombrie po\u021bi distribui \u0219i dividendele pentru trimestrul 3, tot cu 10%<\/span><span style=\"font-weight: 400;\"><br \/><\/span><span style=\"font-weight: 400;\"> \u2192 Dup\u0103 1 ianuarie 2026, aceea\u0219i sum\u0103 va fi impozitat\u0103 cu <\/span><b>16%<\/b><b><\/p>\n<p><\/b><\/span><\/p>\n<h4><span style=\"font-size: 16px; font-family: Helvetica, Arial, Verdana, sans-serif;\"><b><br \/>\ud83d\udccb Ce ai de f\u0103cut acum:<\/b><\/span><\/h4>\n<ul>\n<li style=\"font-weight: 400;\" aria-level=\"1\"><span style=\"font-size: 16px; font-family: Helvetica, Arial, Verdana, sans-serif;\"><span style=\"font-weight: 400;\"><span style=\"text-decoration: underline;\">Actualizeaz\u0103 sistemul de facturare<\/span> pentru noile cote (21% \u0219i 11%) de la 1 august<br \/><\/span><\/span><\/li>\n<li style=\"font-weight: 400;\" aria-level=\"1\"><span style=\"font-size: 16px; font-family: Helvetica, Arial, Verdana, sans-serif;\"><span style=\"font-weight: 400;\"><span style=\"text-decoration: underline;\">Recalculeaz\u0103 pre\u021burile<\/span> \u0219i preg\u0103te\u0219te comunicarea cu clien\u021bii<\/span><span style=\"font-weight: 400;\"><br \/><\/span><\/span><\/li>\n<li style=\"font-weight: 400;\" aria-level=\"1\"><span style=\"font-weight: 400;\"><span style=\"font-size: 16px; font-family: Helvetica, Arial, Verdana, sans-serif;\"><span style=\"text-decoration: underline;\">Analizeaz\u0103<\/span> dac\u0103 po\u021bi distribui \u0219i pl\u0103ti dividende \u00eenainte de final de an<br \/><\/span><br \/><\/span><\/li>\n<\/ul>\n<hr style=\"border: 1px dashed; color: #0d1ad8;\" \/>\n<p><strong><span style=\"font-family: Helvetica, Arial, Verdana, sans-serif; font-size: 18px;\"><span style=\"color: #0000ff;\"><span style=\"font-size: 16px;\"><span style=\"font-family: Helvetica, Arial, Verdana, sans-serif;\"><br \/>#<\/span><\/span><\/span><span style=\"font-size: 16px; font-family: Helvetica, Arial, Verdana, sans-serif;\"> Ce se mai \u00eent\u00e2mpl\u0103 cu noul plafon de TVA?<br \/><\/span><\/span><\/strong><\/p>\n<h4><span style=\"font-size: 16px; font-family: Helvetica, Arial, Verdana, sans-serif;\"><span style=\"font-weight: 400;\"><br \/>\u021aii minte c\u0103 prin prim\u0103var\u0103 am scris c\u0103 plafonul de scutire de TVA urmeaz\u0103 s\u0103 creasc\u0103 la <\/span><b>395.000 lei, \u00eencep\u00e2nd cu 1 aprilie 2025<\/b><span style=\"font-weight: 400;\">? Era o veste bun\u0103 pentru firmele mici, promis\u0103 printr-un proiect de Ordonan\u021b\u0103 publicat de Ministerul Finan\u021belor, \u00een linie cu o directiv\u0103 european\u0103 (UE 2020\/285).<\/span><\/span><\/h4>\n<p><span style=\"font-size: 16px; font-family: Helvetica, Arial, Verdana, sans-serif;\"><span style=\"font-weight: 400;\"><br \/>De atunci \u00eens\u0103&#8230; <\/span><b>lini\u0219te total\u0103<\/b><span style=\"font-weight: 400;\">. \ud83d\ude04<\/span><\/span><\/p>\n<p><span style=\"font-size: 16px; font-family: Helvetica, Arial, Verdana, sans-serif;\"><span style=\"font-weight: 400;\"><br \/>Proiectul nu a mai fost adoptat oficial. Nu a ap\u0103rut \u00een Monitorul Oficial, deci nu produce efecte juridice. Pe scurt: <\/span><b>m\u0103sura nu a intrat \u00een vigoare<\/b><span style=\"font-weight: 400;\">, de\u0219i toat\u0103 lumea o a\u0219tepta.<\/span><\/span><\/p>\n<p><span style=\"font-size: 16px; font-family: Helvetica, Arial, Verdana, sans-serif;\"><span style=\"font-weight: 400;\"><br \/>Suntem, practic, \u00eentr-un limbo fiscal: <\/span><b>inten\u021bia e acolo, dar nimeni nu \u0219tie exact dac\u0103 \u0219i c\u00e2nd va fi aplicat\u0103<\/b><span style=\"font-weight: 400;\">. Cel mai probabil va veni \u00een perioada urm\u0103toare, dar f\u0103r\u0103 un act oficial publicat, <\/span><b>plafonul r\u0103m\u00e2ne momentan cel pe care \u00eel \u0219tii: 300.000 lei<\/b><span style=\"font-weight: 400;\">.<\/span><\/span><\/p>\n<p><span style=\"font-weight: 400; font-size: 16px; font-family: Helvetica, Arial, Verdana, sans-serif;\"><br \/>Te \u021binem la curent imediat ce apare ceva concret. \ud83d\udce9<\/span><\/p>\n<\/div>\n<div style=\"padding: 15px; margin: 10px 0; background: #eef0ff; border-radius: 8px;\"><span style=\"font-size: 18px; font-family: Helvetica, Arial, Verdana, sans-serif;\"><strong>\ud83d\udca1 <span style=\"text-decoration: underline; color: #0d1ad8;\">Sfatul S\u0103pt\u0103m\u00e2nii<\/span><\/strong><\/span><\/p>\n<p><span style=\"font-family: Helvetica, Arial, Verdana, sans-serif; font-size: 16px;\"><b>Master the Principles: Cei care \u00een\u021beleg principiile nu au nevoie de re\u021bete<\/p>\n<p><\/b><\/span><\/p>\n<p>&nbsp;<\/p>\n<p class=\"align-center\" style=\"text-align: center;\" align=\"center\"><span style=\"font-size: 16px; font-family: Helvetica, Arial, Verdana, sans-serif;\"><i><span style=\"font-weight: 400;\">\u201e<\/span><\/i><i><span style=\"font-weight: 400;\">Metode pot fi un milion \u0219i \u00eenc\u0103 ceva. Principiile sunt pu\u021bine. Cine \u00een\u021belege principiile, \u00ee\u0219i poate alege singur metodele. Cine ignor\u0103 principiile \u0219i \u00eencearc\u0103 doar metode&#8230; va avea probleme.\u201d<\/span><\/i><i><span style=\"font-weight: 400;\"><br \/><\/span><\/i><span style=\"font-weight: 400;\"> \u2014 <\/span><i><span style=\"font-weight: 400;\">Harrington Emerson<\/p>\n<p><\/span><\/i><\/span><\/p>\n<p><span style=\"font-weight: 400; font-size: 16px; font-family: Helvetica, Arial, Verdana, sans-serif;\">De fiecare dat\u0103 c\u00e2nd te sim\u021bi blocat, cople\u0219it de op\u021biuni sau prins \u00een haosul schimb\u0103rii, f\u0103 un pas \u00een spate: mai exact, \u00eentoarce-te la principii. Nu la tactici, nu la trenduri, ci la <span style=\"text-decoration: underline;\">lucrurile de baz\u0103<\/span>.<\/p>\n<p><\/span><\/p>\n<p>&nbsp;<\/p>\n<p><span style=\"font-weight: 400; font-size: 16px; font-family: Helvetica, Arial, Verdana, sans-serif;\">Fie c\u0103 e vorba de business, strategie, marketing sau bani, cei care \u00een\u021beleg principiile de baz\u0103 pot construi, adapta \u0219i inova. Ceilal\u021bi\u2026 copiaz\u0103 \u0219i sper\u0103.<\/span><\/p>\n<h3><span style=\"font-size: 16px; font-family: Helvetica, Arial, Verdana, sans-serif;\"><b><br \/>Buc\u0103tar vs. Master Chef<\/b><\/span><\/h3>\n<p><span style=\"font-weight: 400; font-size: 16px; font-family: Helvetica, Arial, Verdana, sans-serif;\">G\u00e2nde\u0219te-te la diferen\u021ba dintre un buc\u0103tar \u0219i un (master) chef:<\/span><\/p>\n<ul>\n<li style=\"font-weight: 400;\" aria-level=\"1\"><span style=\"font-size: 16px; font-family: Helvetica, Arial, Verdana, sans-serif;\"><span style=\"font-weight: 400;\">Buc\u0103tarul urmeaz\u0103 re\u021beta. Dac\u0103 re\u021beta dispare, s-a cam terminat.<\/span><span style=\"font-weight: 400;\">\n<p><\/span><\/span><\/li>\n<li style=\"font-weight: 400;\" aria-level=\"1\"><span style=\"font-size: 16px; font-family: Helvetica, Arial, Verdana, sans-serif;\"><span style=\"font-weight: 400;\">Chef-ul \u00een\u021belege ingredientele, gusturile, tehnicile de preparare. El poate improviza, inova \u0219i crea ceva memorabil.<\/span><span style=\"font-weight: 400;\">\n<p><\/span><\/span><\/li>\n<\/ul>\n<p><span style=\"font-weight: 400; font-size: 16px; font-family: Helvetica, Arial, Verdana, sans-serif;\">\u00cen business e la fel. Dac\u0103 \u00een\u021belegi cu adev\u0103rat principiile pie\u021bei, ale comportamentului uman \u0219i \u0219tii cu adev\u0103rat ce vor clien\u021bii t\u0103i, po\u021bi crea oferte unice, produse noi \u0219i overall po\u021bi lua decizii mai bune. Dac\u0103 doar urmezi ce fac al\u021bii&#8230; vei fi mereu cu un pas \u00een urm\u0103.\u00a0<\/span><\/p>\n<h3><span style=\"font-size: 16px; font-family: Helvetica, Arial, Verdana, sans-serif;\"><b><br \/>Exemple din business<\/b><\/span><\/h3>\n<p><span style=\"font-weight: 400; font-size: 16px; font-family: Helvetica, Arial, Verdana, sans-serif;\"><strong>Charlie Munger<\/strong> (partenerul lui Warren Buffett) spunea c\u0103 secretul deciziilor bune este s\u0103 st\u0103p\u00e2ne\u0219ti un <span style=\"font-size: 16px; font-family: Helvetica, Arial, Verdana, sans-serif;\"><span style=\"font-weight: 400;\">\u201e<\/span><\/span>latticework of mental models\u201d, adic\u0103 un set solid de principii din diverse domenii: economie, psihologie, matematic\u0103, biologie. C\u00e2nd \u00een\u021belegi cum func\u021bioneaz\u0103 lumea, <span style=\"text-decoration: underline;\">vezi mai clar ce ai de f\u0103cut<\/span>.<\/span><\/p>\n<p><span style=\"font-weight: 400; font-size: 16px; font-family: Helvetica, Arial, Verdana, sans-serif;\"><strong><br \/>Steve Jobs<\/strong> n-a fost un simplu <em><span style=\"font-size: 16px; font-family: Helvetica, Arial, Verdana, sans-serif;\"><span style=\"font-weight: 400;\">\u201e<\/span><\/span>vizionar\u201d<\/em>. A fost cineva care a \u00een\u021beles profund principiile designului, simplit\u0103\u021bii \u0219i experien\u021bei utilizatorului. A inovat nu doar pentru c\u0103 a avut idei mai neobi\u0219nuite, ci pentru c\u0103 a \u00een\u021beles mai bine dec\u00e2t ceilal\u021bi esen\u021ba lucrurilor \u0219i ce conta cu adev\u0103rat.<\/span><\/p>\n<p>&nbsp;<\/p>\n<h3><span style=\"font-size: 16px; font-family: Helvetica, Arial, Verdana, sans-serif;\"><b>Principii vs. tactici \u00een business \ud83e\udde9<\/b><\/span><\/h3>\n<p><span style=\"font-weight: 400; font-size: 16px; font-family: Helvetica, Arial, Verdana, sans-serif;\">Imagineaz\u0103-\u021bi c\u0103 vrei s\u0103-\u021bi optimizezi cashflow-ul.<\/p>\n<p><\/span><\/p>\n<p><span style=\"font-weight: 400; font-size: 16px; font-family: Helvetica, Arial, Verdana, sans-serif;\">Po\u021bi s\u0103 urmezi 10 metode de pe internet: unele vor merge, altele nu. Sau po\u021bi \u00eencepe de la <span style=\"text-decoration: underline;\">principiile de baz\u0103<\/span>:<\/span><\/p>\n<ul>\n<li style=\"font-weight: 400;\" aria-level=\"1\"><span style=\"font-size: 16px; font-family: Helvetica, Arial, Verdana, sans-serif;\"><span style=\"font-weight: 400;\">Banii vin mai repede dac\u0103 \u00eencasezi rapid \u0219i pl\u0103te\u0219ti mai lent<\/span><span style=\"font-weight: 400;\">\n<p><\/span><\/span><\/li>\n<li style=\"font-weight: 400;\" aria-level=\"1\"><span style=\"font-size: 16px; font-family: Helvetica, Arial, Verdana, sans-serif;\"><span style=\"font-weight: 400;\">Clien\u021bii pl\u0103tesc mai u\u0219or dac\u0103 \u00een\u021beleg valoarea imediat\u0103 a produsului<\/span><span style=\"font-weight: 400;\">\n<p><\/span><\/span><\/li>\n<li style=\"font-weight: 400;\" aria-level=\"1\"><span style=\"font-size: 16px; font-family: Helvetica, Arial, Verdana, sans-serif;\"><span style=\"font-weight: 400;\">Abonamentele \u0219i serviciile recurente stabilizeaz\u0103 fluxurile de numerar<\/span><span style=\"font-weight: 400;\">\n<p><\/span><\/span><\/li>\n<\/ul>\n<p><span style=\"font-weight: 400; font-size: 16px; font-family: Helvetica, Arial, Verdana, sans-serif;\">Acestea sunt principii. Pornind de la ele po\u021bi construi metode \u0219i tactici personalizate pentru firma ta.<\/p>\n<p><\/span><\/p>\n<p>&nbsp;<\/p>\n<p><span style=\"font-weight: 400; font-size: 16px; font-family: Helvetica, Arial, Verdana, sans-serif;\">Sau poate vrei s\u0103 creezi un serviciu nou. \u00cen loc s\u0103 copiezi concuren\u021ba \u0219i s\u0103 vii cu o \u201eversiune pu\u021bin mai bun\u0103\u201d, po\u021bi s\u0103pa mai ad\u00e2nc:<\/span><\/p>\n<ul>\n<li style=\"font-weight: 400;\" aria-level=\"1\"><span style=\"font-size: 16px; font-family: Helvetica, Arial, Verdana, sans-serif;\"><span style=\"font-weight: 400;\">Ce probleme reale au clien\u021bii?<\/span><span style=\"font-weight: 400;\">\n<p><\/span><\/span><\/li>\n<li style=\"font-weight: 400;\" aria-level=\"1\"><span style=\"font-size: 16px; font-family: Helvetica, Arial, Verdana, sans-serif;\"><span style=\"font-weight: 400;\">Ce \u00eencearc\u0103 s\u0103 ob\u021bin\u0103 \u0219i nu reu\u0219esc?<\/span><span style=\"font-weight: 400;\">\n<p><\/span><\/span><\/li>\n<li style=\"font-weight: 400;\" aria-level=\"1\"><span style=\"font-size: 16px; font-family: Helvetica, Arial, Verdana, sans-serif;\"><span style=\"font-weight: 400;\">Care sunt barierele psihologice sau financiare care \u00eei blocheaz\u0103?<\/span><span style=\"font-weight: 400;\">\n<p><\/span><\/span><\/li>\n<\/ul>\n<p><span style=\"font-weight: 400; font-size: 16px; font-family: Helvetica, Arial, Verdana, sans-serif;\">C\u00e2nd \u00een\u021belegi aceste lucruri, construie\u0219ti ceva ce chiar conteaz\u0103, nu doar <em>\u201eceva ce se vinde\u201d<\/em>.<\/span><\/p>\n<p>&nbsp;<\/p>\n<h3><span style=\"font-size: 16px; font-family: Helvetica, Arial, Verdana, sans-serif;\"><b>Cum ajungi la principiile fundamentale?<\/b><\/span><\/h3>\n<p><span style=\"font-size: 16px; font-family: Helvetica, Arial, Verdana, sans-serif;\"><span style=\"font-weight: 400;\">1. Pune sub semnul \u00eentreb\u0103rii orice presupunere. \u00centreab\u0103-te: \u0103sta e singurul mod de a face lucrurile? De ce trebuie s\u0103 fie a\u0219a?<\/span><span style=\"font-weight: 400;\"><\/p>\n<p><\/span><\/span><\/p>\n<p><span style=\"font-size: 16px; font-family: Helvetica, Arial, Verdana, sans-serif;\"><span style=\"font-weight: 400;\">2. Descompune problemele \u00een buc\u0103\u021bi esen\u021biale. Ce e cu adev\u0103rat <em>\u201eb\u0103tut \u00een cuie\u201d <\/em>? Ce e doar conven\u021bie?<\/span><span style=\"font-weight: 400;\"><\/p>\n<p><\/span><\/span><\/p>\n<p><span style=\"font-size: 16px; font-family: Helvetica, Arial, Verdana, sans-serif;\"><span style=\"font-weight: 400;\">3. Construie\u0219te de jos \u00een sus. \u00cenlocuie\u0219te-l pe <em>\u201ea\u0219a se face\u201d<\/em> cu <em>\u201ece trebuie s\u0103 se \u00eent\u00e2mple ca s\u0103 func\u021bioneze?\u201d<\/em><\/span><span style=\"font-weight: 400;\"><\/p>\n<p><\/span><\/span><\/p>\n<p><span style=\"font-size: 16px; font-family: Helvetica, Arial, Verdana, sans-serif;\"><span style=\"font-weight: 400;\">4. \u00cencurajeaz\u0103-\u021bi echipa s\u0103 g\u00e2ndeasc\u0103 \u00een profunzime. Cele mai bune solu\u021bii apar c\u00e2nd oamenii nu accept\u0103 status quo-ul ca r\u0103spuns.<\/span><span style=\"font-weight: 400;\"><\/p>\n<p><\/span><\/span><\/p>\n<h3>\u00a0<\/h3>\n<h3><span style=\"font-size: 16px; font-family: Helvetica, Arial, Verdana, sans-serif;\"><b>Concluzie<\/b><\/span><\/h3>\n<p class=\"align-center\" style=\"text-align: center;\" align=\"center\"><em><span style=\"font-size: 16px; font-family: Helvetica, Arial, Verdana, sans-serif;\"><span style=\"font-weight: 400;\">\u201eA \u00een\u021belege \u00eenseamn\u0103 a \u0219ti ce s\u0103 faci.\u201d<br \/><\/span><\/span><\/em><span style=\"font-size: 16px; font-family: Helvetica, Arial, Verdana, sans-serif;\"><span style=\"font-weight: 400;\">\u00a0\u2014 <\/span><i><span style=\"font-weight: 400;\">Ludwig Wittgenstein<\/span><\/i><\/span><\/p>\n<p><span style=\"font-size: 16px; font-family: Helvetica, Arial, Verdana, sans-serif;\"><i><span style=\"font-weight: 400;\"><br \/><\/span><\/i><\/span><span style=\"font-weight: 400; font-size: 16px; font-family: Helvetica, Arial, Verdana, sans-serif;\">\u00cen orice domeniu, cine st\u0103p\u00e2ne\u0219te principiile poate aplica orice tactic\u0103 cu precizie. Cine sare peste ele\u2026 r\u0103m\u00e2ne vulnerabil, oric\u00e2t de multe tactici ar testa.<\/span><\/p>\n<p><span style=\"font-size: 16px; font-family: Helvetica, Arial, Verdana, sans-serif;\"><span style=\"font-weight: 400;\"><br \/><\/span><b>\ud83e\udde0 Exerci\u021biu de g\u00e2ndire: Ce principii fundamentale \u00eenc\u0103 nu ai \u00een\u021beles \u00een business-ul t\u0103u?<\/b><\/span><\/p>\n<\/div>\n<div style=\"padding: 15px; margin: 10px 0; background: #FFCC80; border-radius: 8px;\"><span style=\"font-size: 18px;\"><strong><span style=\"font-family: Helvetica, Arial, Verdana, sans-serif;\">\ud83d\udcad <span style=\"text-decoration: underline; color: #0d1ad8;\">Un g\u00e2nd de final<\/span><\/span><\/strong><\/span><\/p>\n<p><strong><span style=\"font-size: 16px; font-family: Helvetica, Arial, Verdana, sans-serif;\">Alege-\u021bi anturajul cu grij\u0103<\/p>\n<p><\/span><\/strong><\/p>\n<p>&nbsp;<\/p>\n<p><span style=\"font-weight: 400; font-size: 16px; font-family: Helvetica, Arial, Verdana, sans-serif;\">Mark Twain spunea c\u0103 oamenii mici \u00ee\u021bi mic\u0219oreaz\u0103 ambi\u021biile, dar cei cu adev\u0103rat mari te fac s\u0103 crezi c\u0103 \u0219i tu po\u021bi deveni <em>\u201emare\u201d<\/em>.<\/p>\n<p><\/span><\/p>\n<p>&nbsp;<\/p>\n<p><span style=\"font-weight: 400; font-size: 16px; font-family: Helvetica, Arial, Verdana, sans-serif;\">\u00cen antreprenoriat, asta nu e doar ceva ce sun\u0103 bine, ci <span style=\"text-decoration: underline;\">o lec\u021bie esen\u021bial\u0103<\/span>. Pentru c\u0103 anturajul t\u0103u nu mai \u00eenseamn\u0103 doar o companie pl\u0103cut\u0103. Anturajul devine contextul \u00een care \u00ee\u021bi construie\u0219ti viitorul.<\/p>\n<p><\/span><\/p>\n<p>&nbsp;<\/p>\n<p><span style=\"font-weight: 400; font-size: 16px; font-family: Helvetica, Arial, Verdana, sans-serif;\">Oamenii care \u00ee\u021bi repet\u0103 constant <em>\u201enu se poate\u201d<\/em>, <em>\u201efii serios\u201d<\/em> sau <em>\u201en-ai destul\u2026(timp, bani, curaj, etc.)\u201d<\/em> nu te protejeaz\u0103 de e\u0219ec. Te condamn\u0103 la mediocritate. \u00ce\u021bi calibreaz\u0103 aspira\u021biile la nivelul propriilor frici \u0219i limite.<\/p>\n<p><\/span><\/p>\n<p>&nbsp;<\/p>\n<p><span style=\"font-weight: 400; font-size: 16px; font-family: Helvetica, Arial, Verdana, sans-serif;\">Dar cei care te iau \u00een serios, care te \u00eencurajeaz\u0103 \u0219i cred \u00een tine chiar \u0219i c\u00e2nd n-ai dovedit \u00eenc\u0103 mare lucru (!) &#8211; oamenii \u0103\u0219tia sunt aur. Nu doar c\u0103 \u00ee\u021bi valideaz\u0103 ambi\u021biile, ci \u00ee\u021bi rescriu \u00eentreaga hart\u0103 a posibilului. Te \u00eemping s\u0103 g\u00e2nde\u0219ti mai mare, s\u0103 ai \u00eencredere \u00een cine po\u021bi deveni.<\/p>\n<p><\/span><\/p>\n<p>&nbsp;<\/p>\n<p><span style=\"font-size: 16px; font-family: Helvetica, Arial, Verdana, sans-serif;\"><span style=\"font-weight: 400;\">\ud83c\udfaf Caut\u0103-i pe cei care \u00ee\u021bi extind g\u00e2ndirea. \u021aine-i aproape. \u0218i mai ales: <\/span><b>fii tu acel om pentru al\u021bii.<\/b><\/span><\/p>\n<\/div>\n<\/div>\n","protected":false},"excerpt":{"rendered":"<p>Plus: Plafonul de TVA disp\u0103rut, principii vs. metode \u0219i cum s\u0103-\u021bi alegi anturajul cu grij\u0103<\/p>\n","protected":false},"author":2,"featured_media":0,"comment_status":"closed","ping_status":"open","sticky":false,"template":"","format":"standard","meta":{"_acf_changed":false,"_kad_post_transparent":"","_kad_post_title":"","_kad_post_layout":"","_kad_post_sidebar_id":"","_kad_post_content_style":"","_kad_post_vertical_padding":"","_kad_post_feature":"","_kad_post_feature_position":"","_kad_post_header":false,"_kad_post_footer":false,"footnotes":""},"categories":[1],"tags":[],"class_list":["post-523","post","type-post","status-publish","format-standard","hentry","category-blog"],"acf":[],"yoast_head":"<!-- This site is optimized with the Yoast SEO Premium plugin v25.5 (Yoast SEO v26.8) - https:\/\/yoast.com\/product\/yoast-seo-premium-wordpress\/ -->\n<title>TVA-ul cre\u0219te la 21%. Ce trebuie s\u0103 faci p\u00e2n\u0103 \u00een august | StartCo Newsletter<\/title>\n<meta name=\"robots\" content=\"index, follow, max-snippet:-1, max-image-preview:large, max-video-preview:-1\" \/>\n<link rel=\"canonical\" href=\"https:\/\/startco.ro\/newsletter\/tva-ul-creste-la-21-ce-trebuie-sa-faci-pana-in-august\/\" \/>\n<meta property=\"og:locale\" content=\"ro_RO\" \/>\n<meta property=\"og:type\" content=\"article\" \/>\n<meta property=\"og:title\" content=\"TVA-ul cre\u0219te la 21%. Ce trebuie s\u0103 faci p\u00e2n\u0103 \u00een august\" \/>\n<meta property=\"og:description\" content=\"Plus: Plafonul de TVA disp\u0103rut, principii vs. metode \u0219i cum s\u0103-\u021bi alegi anturajul cu grij\u0103\" \/>\n<meta property=\"og:url\" content=\"https:\/\/startco.ro\/newsletter\/tva-ul-creste-la-21-ce-trebuie-sa-faci-pana-in-august\/\" \/>\n<meta property=\"og:site_name\" content=\"StartCo\" \/>\n<meta property=\"article:published_time\" content=\"2025-07-09T17:50:29+00:00\" \/>\n<meta property=\"og:image\" content=\"https:\/\/startco.ro\/newsletter\/wp-content\/uploads\/2025\/04\/group-8-67ff5b86798e232a7601e31f-@2x.webp\" \/>\n\t<meta property=\"og:image:width\" content=\"2348\" \/>\n\t<meta property=\"og:image:height\" content=\"1837\" \/>\n\t<meta property=\"og:image:type\" content=\"image\/webp\" \/>\n<meta name=\"author\" content=\"Luca\" \/>\n<meta name=\"twitter:card\" content=\"summary_large_image\" \/>\n<meta name=\"twitter:label1\" content=\"Scris de\" \/>\n\t<meta name=\"twitter:data1\" content=\"Luca\" \/>\n\t<meta name=\"twitter:label2\" content=\"Timp estimat pentru citire\" \/>\n\t<meta name=\"twitter:data2\" content=\"7 minute\" \/>\n<script type=\"application\/ld+json\" class=\"yoast-schema-graph\">{\"@context\":\"https:\/\/schema.org\",\"@graph\":[{\"@type\":\"Article\",\"@id\":\"https:\/\/startco.ro\/newsletter\/tva-ul-creste-la-21-ce-trebuie-sa-faci-pana-in-august\/#article\",\"isPartOf\":{\"@id\":\"https:\/\/startco.ro\/newsletter\/tva-ul-creste-la-21-ce-trebuie-sa-faci-pana-in-august\/\"},\"author\":{\"name\":\"Luca\",\"@id\":\"https:\/\/startco.ro\/newsletter\/#\/schema\/person\/4a7493cfcaba499066d900dec4c4e7bf\"},\"headline\":\"TVA-ul cre\u0219te la 21%. Ce trebuie s\u0103 faci p\u00e2n\u0103 \u00een august\",\"datePublished\":\"2025-07-09T17:50:29+00:00\",\"mainEntityOfPage\":{\"@id\":\"https:\/\/startco.ro\/newsletter\/tva-ul-creste-la-21-ce-trebuie-sa-faci-pana-in-august\/\"},\"wordCount\":1397,\"publisher\":{\"@id\":\"https:\/\/startco.ro\/newsletter\/#organization\"},\"articleSection\":[\"Blog\"],\"inLanguage\":\"ro-RO\"},{\"@type\":\"WebPage\",\"@id\":\"https:\/\/startco.ro\/newsletter\/tva-ul-creste-la-21-ce-trebuie-sa-faci-pana-in-august\/\",\"url\":\"https:\/\/startco.ro\/newsletter\/tva-ul-creste-la-21-ce-trebuie-sa-faci-pana-in-august\/\",\"name\":\"TVA-ul cre\u0219te la 21%. Ce trebuie s\u0103 faci p\u00e2n\u0103 \u00een august | StartCo Newsletter\",\"isPartOf\":{\"@id\":\"https:\/\/startco.ro\/newsletter\/#website\"},\"datePublished\":\"2025-07-09T17:50:29+00:00\",\"breadcrumb\":{\"@id\":\"https:\/\/startco.ro\/newsletter\/tva-ul-creste-la-21-ce-trebuie-sa-faci-pana-in-august\/#breadcrumb\"},\"inLanguage\":\"ro-RO\",\"potentialAction\":[{\"@type\":\"ReadAction\",\"target\":[\"https:\/\/startco.ro\/newsletter\/tva-ul-creste-la-21-ce-trebuie-sa-faci-pana-in-august\/\"]}]},{\"@type\":\"BreadcrumbList\",\"@id\":\"https:\/\/startco.ro\/newsletter\/tva-ul-creste-la-21-ce-trebuie-sa-faci-pana-in-august\/#breadcrumb\",\"itemListElement\":[{\"@type\":\"ListItem\",\"position\":1,\"name\":\"Prima pagin\u0103\",\"item\":\"https:\/\/startco.ro\/newsletter\/\"},{\"@type\":\"ListItem\",\"position\":2,\"name\":\"TVA-ul cre\u0219te la 21%. Ce trebuie s\u0103 faci p\u00e2n\u0103 \u00een august\"}]},{\"@type\":\"WebSite\",\"@id\":\"https:\/\/startco.ro\/newsletter\/#website\",\"url\":\"https:\/\/startco.ro\/newsletter\/\",\"name\":\"StartCo\",\"description\":\"Newsletter-ul #1 pentru antreprenorii care vor s\u0103 fie cu un pas \u00eenainte\",\"publisher\":{\"@id\":\"https:\/\/startco.ro\/newsletter\/#organization\"},\"potentialAction\":[{\"@type\":\"SearchAction\",\"target\":{\"@type\":\"EntryPoint\",\"urlTemplate\":\"https:\/\/startco.ro\/newsletter\/?s={search_term_string}\"},\"query-input\":{\"@type\":\"PropertyValueSpecification\",\"valueRequired\":true,\"valueName\":\"search_term_string\"}}],\"inLanguage\":\"ro-RO\"},{\"@type\":\"Organization\",\"@id\":\"https:\/\/startco.ro\/newsletter\/#organization\",\"name\":\"StartCo\",\"url\":\"https:\/\/startco.ro\/newsletter\/\",\"logo\":{\"@type\":\"ImageObject\",\"inLanguage\":\"ro-RO\",\"@id\":\"https:\/\/startco.ro\/newsletter\/#\/schema\/logo\/image\/\",\"url\":\"https:\/\/startco.ro\/newsletter\/wp-content\/uploads\/2025\/07\/1.png\",\"contentUrl\":\"https:\/\/startco.ro\/newsletter\/wp-content\/uploads\/2025\/07\/1.png\",\"width\":1902,\"height\":1660,\"caption\":\"StartCo\"},\"image\":{\"@id\":\"https:\/\/startco.ro\/newsletter\/#\/schema\/logo\/image\/\"},\"description\":\"Newsletter-ul #1 pentru antreprenorii care vor s\u0103 fie cu un pas \u00eenainte Deadline-uri fiscale, modific\u0103ri legislative, oportunit\u0103\u021bi de business \u0219i sfaturi care te ajut\u0103 s\u0103 iei decizii bune pentru firma ta. Simplu, clar \u0219i aplicat \u2014 trimis s\u0103pt\u0103m\u00e2nal, direct \u00een inbox.\",\"email\":\"newsletter@startco.ro\",\"telephone\":\"0371 700 410\",\"legalName\":\"StartCo\",\"numberOfEmployees\":{\"@type\":\"QuantitativeValue\",\"minValue\":\"51\",\"maxValue\":\"200\"}},{\"@type\":\"Person\",\"@id\":\"https:\/\/startco.ro\/newsletter\/#\/schema\/person\/4a7493cfcaba499066d900dec4c4e7bf\",\"name\":\"Luca\",\"image\":{\"@type\":\"ImageObject\",\"inLanguage\":\"ro-RO\",\"@id\":\"https:\/\/startco.ro\/newsletter\/#\/schema\/person\/image\/\",\"url\":\"https:\/\/secure.gravatar.com\/avatar\/5d3e2036a5a9ac7e5c8a073fb8fc9d94?s=96&d=mm&r=g\",\"contentUrl\":\"https:\/\/secure.gravatar.com\/avatar\/5d3e2036a5a9ac7e5c8a073fb8fc9d94?s=96&d=mm&r=g\",\"caption\":\"Luca\"},\"url\":\"https:\/\/startco.ro\/newsletter\/author\/luca\/\"}]}<\/script>\n<!-- \/ Yoast SEO Premium plugin. -->","yoast_head_json":{"title":"TVA-ul cre\u0219te la 21%. Ce trebuie s\u0103 faci p\u00e2n\u0103 \u00een august | StartCo Newsletter","robots":{"index":"index","follow":"follow","max-snippet":"max-snippet:-1","max-image-preview":"max-image-preview:large","max-video-preview":"max-video-preview:-1"},"canonical":"https:\/\/startco.ro\/newsletter\/tva-ul-creste-la-21-ce-trebuie-sa-faci-pana-in-august\/","og_locale":"ro_RO","og_type":"article","og_title":"TVA-ul cre\u0219te la 21%. Ce trebuie s\u0103 faci p\u00e2n\u0103 \u00een august","og_description":"Plus: Plafonul de TVA disp\u0103rut, principii vs. metode \u0219i cum s\u0103-\u021bi alegi anturajul cu grij\u0103","og_url":"https:\/\/startco.ro\/newsletter\/tva-ul-creste-la-21-ce-trebuie-sa-faci-pana-in-august\/","og_site_name":"StartCo","article_published_time":"2025-07-09T17:50:29+00:00","og_image":[{"width":2348,"height":1837,"url":"https:\/\/startco.ro\/newsletter\/wp-content\/uploads\/2025\/04\/group-8-67ff5b86798e232a7601e31f-@2x.webp","type":"image\/webp"}],"author":"Luca","twitter_card":"summary_large_image","twitter_misc":{"Scris de":"Luca","Timp estimat pentru citire":"7 minute"},"schema":{"@context":"https:\/\/schema.org","@graph":[{"@type":"Article","@id":"https:\/\/startco.ro\/newsletter\/tva-ul-creste-la-21-ce-trebuie-sa-faci-pana-in-august\/#article","isPartOf":{"@id":"https:\/\/startco.ro\/newsletter\/tva-ul-creste-la-21-ce-trebuie-sa-faci-pana-in-august\/"},"author":{"name":"Luca","@id":"https:\/\/startco.ro\/newsletter\/#\/schema\/person\/4a7493cfcaba499066d900dec4c4e7bf"},"headline":"TVA-ul cre\u0219te la 21%. Ce trebuie s\u0103 faci p\u00e2n\u0103 \u00een august","datePublished":"2025-07-09T17:50:29+00:00","mainEntityOfPage":{"@id":"https:\/\/startco.ro\/newsletter\/tva-ul-creste-la-21-ce-trebuie-sa-faci-pana-in-august\/"},"wordCount":1397,"publisher":{"@id":"https:\/\/startco.ro\/newsletter\/#organization"},"articleSection":["Blog"],"inLanguage":"ro-RO"},{"@type":"WebPage","@id":"https:\/\/startco.ro\/newsletter\/tva-ul-creste-la-21-ce-trebuie-sa-faci-pana-in-august\/","url":"https:\/\/startco.ro\/newsletter\/tva-ul-creste-la-21-ce-trebuie-sa-faci-pana-in-august\/","name":"TVA-ul cre\u0219te la 21%. Ce trebuie s\u0103 faci p\u00e2n\u0103 \u00een august | StartCo Newsletter","isPartOf":{"@id":"https:\/\/startco.ro\/newsletter\/#website"},"datePublished":"2025-07-09T17:50:29+00:00","breadcrumb":{"@id":"https:\/\/startco.ro\/newsletter\/tva-ul-creste-la-21-ce-trebuie-sa-faci-pana-in-august\/#breadcrumb"},"inLanguage":"ro-RO","potentialAction":[{"@type":"ReadAction","target":["https:\/\/startco.ro\/newsletter\/tva-ul-creste-la-21-ce-trebuie-sa-faci-pana-in-august\/"]}]},{"@type":"BreadcrumbList","@id":"https:\/\/startco.ro\/newsletter\/tva-ul-creste-la-21-ce-trebuie-sa-faci-pana-in-august\/#breadcrumb","itemListElement":[{"@type":"ListItem","position":1,"name":"Prima pagin\u0103","item":"https:\/\/startco.ro\/newsletter\/"},{"@type":"ListItem","position":2,"name":"TVA-ul cre\u0219te la 21%. Ce trebuie s\u0103 faci p\u00e2n\u0103 \u00een august"}]},{"@type":"WebSite","@id":"https:\/\/startco.ro\/newsletter\/#website","url":"https:\/\/startco.ro\/newsletter\/","name":"StartCo","description":"Newsletter-ul #1 pentru antreprenorii care vor s\u0103 fie cu un pas \u00eenainte","publisher":{"@id":"https:\/\/startco.ro\/newsletter\/#organization"},"potentialAction":[{"@type":"SearchAction","target":{"@type":"EntryPoint","urlTemplate":"https:\/\/startco.ro\/newsletter\/?s={search_term_string}"},"query-input":{"@type":"PropertyValueSpecification","valueRequired":true,"valueName":"search_term_string"}}],"inLanguage":"ro-RO"},{"@type":"Organization","@id":"https:\/\/startco.ro\/newsletter\/#organization","name":"StartCo","url":"https:\/\/startco.ro\/newsletter\/","logo":{"@type":"ImageObject","inLanguage":"ro-RO","@id":"https:\/\/startco.ro\/newsletter\/#\/schema\/logo\/image\/","url":"https:\/\/startco.ro\/newsletter\/wp-content\/uploads\/2025\/07\/1.png","contentUrl":"https:\/\/startco.ro\/newsletter\/wp-content\/uploads\/2025\/07\/1.png","width":1902,"height":1660,"caption":"StartCo"},"image":{"@id":"https:\/\/startco.ro\/newsletter\/#\/schema\/logo\/image\/"},"description":"Newsletter-ul #1 pentru antreprenorii care vor s\u0103 fie cu un pas \u00eenainte Deadline-uri fiscale, modific\u0103ri legislative, oportunit\u0103\u021bi de business \u0219i sfaturi care te ajut\u0103 s\u0103 iei decizii bune pentru firma ta. Simplu, clar \u0219i aplicat \u2014 trimis s\u0103pt\u0103m\u00e2nal, direct \u00een inbox.","email":"newsletter@startco.ro","telephone":"0371 700 410","legalName":"StartCo","numberOfEmployees":{"@type":"QuantitativeValue","minValue":"51","maxValue":"200"}},{"@type":"Person","@id":"https:\/\/startco.ro\/newsletter\/#\/schema\/person\/4a7493cfcaba499066d900dec4c4e7bf","name":"Luca","image":{"@type":"ImageObject","inLanguage":"ro-RO","@id":"https:\/\/startco.ro\/newsletter\/#\/schema\/person\/image\/","url":"https:\/\/secure.gravatar.com\/avatar\/5d3e2036a5a9ac7e5c8a073fb8fc9d94?s=96&d=mm&r=g","contentUrl":"https:\/\/secure.gravatar.com\/avatar\/5d3e2036a5a9ac7e5c8a073fb8fc9d94?s=96&d=mm&r=g","caption":"Luca"},"url":"https:\/\/startco.ro\/newsletter\/author\/luca\/"}]}},"_links":{"self":[{"href":"https:\/\/startco.ro\/newsletter\/wp-json\/wp\/v2\/posts\/523","targetHints":{"allow":["GET"]}}],"collection":[{"href":"https:\/\/startco.ro\/newsletter\/wp-json\/wp\/v2\/posts"}],"about":[{"href":"https:\/\/startco.ro\/newsletter\/wp-json\/wp\/v2\/types\/post"}],"author":[{"embeddable":true,"href":"https:\/\/startco.ro\/newsletter\/wp-json\/wp\/v2\/users\/2"}],"replies":[{"embeddable":true,"href":"https:\/\/startco.ro\/newsletter\/wp-json\/wp\/v2\/comments?post=523"}],"version-history":[{"count":3,"href":"https:\/\/startco.ro\/newsletter\/wp-json\/wp\/v2\/posts\/523\/revisions"}],"predecessor-version":[{"id":526,"href":"https:\/\/startco.ro\/newsletter\/wp-json\/wp\/v2\/posts\/523\/revisions\/526"}],"wp:attachment":[{"href":"https:\/\/startco.ro\/newsletter\/wp-json\/wp\/v2\/media?parent=523"}],"wp:term":[{"taxonomy":"category","embeddable":true,"href":"https:\/\/startco.ro\/newsletter\/wp-json\/wp\/v2\/categories?post=523"},{"taxonomy":"post_tag","embeddable":true,"href":"https:\/\/startco.ro\/newsletter\/wp-json\/wp\/v2\/tags?post=523"}],"curies":[{"name":"wp","href":"https:\/\/api.w.org\/{rel}","templated":true}]}}