{"id":22556,"date":"2026-09-03T15:40:44","date_gmt":"2026-09-03T12:40:44","guid":{"rendered":"https:\/\/startco.ro\/blog\/?p=22556"},"modified":"2026-09-03T15:40:46","modified_gmt":"2026-09-03T12:40:46","slug":"caen-rev-3-sanctiuni","status":"publish","type":"post","link":"https:\/\/startco.ro\/blog\/caen-rev-3-sanctiuni\/","title":{"rendered":"CAEN Rev. 3: ce ri\u0219ti dac\u0103 nu-\u021bi actualizezi codurile la timp"},"content":{"rendered":"\n<div id=\"scbc-banner-2026\">\n  <style>\n    #scbc-banner-2026,\n    #scbc-banner-2026 * {\n      box-sizing: border-box;\n    }\n\n    #scbc-banner-2026 {\n      margin: 24px 0;\n      font-family: Inter, -apple-system, BlinkMacSystemFont, \"Segoe UI\", Roboto, Arial, sans-serif;\n    }\n\n    #scbc-banner-2026 .scbc26-card {\n      position: relative;\n      overflow: hidden;\n      isolation: isolate;\n      border-radius: 28px;\n      padding: 20px 22px 26px;\n      color: #ffffff;\n      background:\n        radial-gradient(circle at 88% 16%, rgba(5, 213, 237, 0.30) 0%, rgba(5, 213, 237, 0) 24%),\n        radial-gradient(circle at 8% 120%, rgba(237, 147, 5, 0.12) 0%, rgba(237, 147, 5, 0) 28%),\n        linear-gradient(135deg, #1038E0 0%, #0B1B66 100%);\n      box-shadow: 0 18px 48px rgba(16, 56, 224, 0.22);\n      border: 1px solid rgba(255, 255, 255, 0.10);\n    }\n\n    #scbc-banner-2026 .scbc26-card::before {\n      content: \"\";\n      position: absolute;\n      inset: 1px;\n      border-radius: 27px;\n      background: linear-gradient(180deg, rgba(255,255,255,0.08), rgba(255,255,255,0.03));\n      z-index: -1;\n    }\n\n    #scbc-banner-2026 .scbc26-glow {\n      position: absolute;\n      border-radius: 999px;\n      filter: blur(10px);\n      pointer-events: none;\n      opacity: 0.9;\n      z-index: -1;\n    }\n\n    #scbc-banner-2026 .scbc26-glow--cyan {\n      width: 260px;\n      height: 260px;\n      top: -110px;\n      right: -70px;\n      background: rgba(5, 213, 237, 0.18);\n    }\n\n    #scbc-banner-2026 .scbc26-glow--amber {\n      width: 210px;\n      height: 210px;\n      bottom: -120px;\n      left: -90px;\n      background: rgba(237, 147, 5, 0.14);\n    }\n\n    #scbc-banner-2026 .scbc26-copy {\n      max-width: 760px;\n    }\n\n    #scbc-banner-2026 .scbc26-copy h2 {\n      margin: 0 0 10px;\n      font-size: clamp(28px, 3vw, 38px);\n      line-height: 1.04;\n      letter-spacing: -0.02em;\n      font-weight: 800;\n      color: #ffffff;\n    }\n\n    #scbc-banner-2026 .scbc26-copy p {\n      margin: 0;\n      font-size: 16px;\n      line-height: 1.55;\n      color: rgba(255, 255, 255, 0.92);\n      max-width: 720px;\n    }\n\n    #scbc-banner-2026 .scbc26-row {\n      display: flex;\n      flex-wrap: nowrap;\n      align-items: center;\n      gap: 16px;\n      margin-top: 16px;\n      width: 100%;\n    }\n\n    #scbc-banner-2026 .scbc26-cta {\n      display: inline-flex;\n      align-items: center;\n      justify-content: center;\n      min-height: 52px;\n      padding: 14px 18px;\n      border-radius: 16px;\n      text-decoration: none;\n      font-size: 16px;\n      font-weight: 800;\n      line-height: 1;\n      color: #1038E0;\n      background: #ffffff;\n      box-shadow: 0 10px 24px rgba(2, 6, 24, 0.18);\n      transition:\n        transform 0.22s ease,\n        box-shadow 0.22s ease,\n        opacity 0.18s ease,\n        filter 0.22s ease;\n      flex: 0 0 auto;\n      position: relative;\n    }\n\n    #scbc-banner-2026 .scbc26-cta:hover {\n      transform: translateY(-3px) scale(1.02);\n      box-shadow: 0 18px 36px rgba(2, 6, 24, 0.30);\n      filter: brightness(1.02);\n    }\n\n    #scbc-banner-2026 .scbc26-cta:active {\n      transform: translateY(-1px) scale(1.01);\n      box-shadow: 0 12px 26px rgba(2, 6, 24, 0.24);\n    }\n\n    #scbc-banner-2026 .scbc26-deadline {\n      margin-left: auto;\n      font-size: 16px;\n      line-height: 1.1;\n      font-weight: 900;\n      text-align: right;\n      white-space: nowrap;\n      background: linear-gradient(135deg, #FFD08A 0%, #ED9305 35%, #ED5205 100%);\n      -webkit-background-clip: text;\n      background-clip: text;\n      color: transparent;\n      -webkit-text-fill-color: transparent;\n      flex: 0 0 auto;\n    }\n\n    #scbc-banner-2026 .scbc26-cta:focus-visible {\n      outline: 3px solid rgba(5, 213, 237, 0.95);\n      outline-offset: 3px;\n    }\n\n    @media (max-width: 900px) {\n      #scbc-banner-2026 .scbc26-row {\n        flex-wrap: wrap;\n      }\n\n      #scbc-banner-2026 .scbc26-deadline {\n        font-size: 15px;\n        margin-left: 0;\n        white-space: normal;\n      }\n    }\n\n    @media (max-width: 767px) {\n      #scbc-banner-2026 {\n        margin: 18px 0;\n      }\n\n      #scbc-banner-2026 .scbc26-card {\n        padding: 18px 16px 22px;\n        border-radius: 22px;\n      }\n\n      #scbc-banner-2026 .scbc26-card::before {\n        border-radius: 21px;\n      }\n\n      #scbc-banner-2026 .scbc26-copy h2 {\n        font-size: 28px;\n      }\n\n      #scbc-banner-2026 .scbc26-copy p {\n        font-size: 15.5px;\n      }\n\n      #scbc-banner-2026 .scbc26-row {\n        flex-direction: column;\n        align-items: stretch;\n        gap: 10px;\n      }\n\n      #scbc-banner-2026 .scbc26-cta {\n        width: 100%;\n      }\n\n      #scbc-banner-2026 .scbc26-deadline {\n        margin-left: 0;\n        text-align: left;\n        white-space: normal;\n        font-size: 14px;\n        line-height: 1.3;\n      }\n    }\n\n    @media (prefers-reduced-motion: reduce) {\n      #scbc-banner-2026 .scbc26-cta {\n        transition: none;\n      }\n\n      #scbc-banner-2026 .scbc26-cta:hover,\n      #scbc-banner-2026 .scbc26-cta:active {\n        transform: none;\n        filter: none;\n      }\n    }\n  <\/style>\n\n  <div class=\"scbc26-card\">\n    <div class=\"scbc26-glow scbc26-glow--cyan\"><\/div>\n    <div class=\"scbc26-glow scbc26-glow--amber\"><\/div>\n\n    <div class=\"scbc26-copy\">\n      <h2>Verific\u0103-\u021bi gratuit codurile CAEN<\/h2>\n\n      <p>\n        Vrei s\u0103 vezi dac\u0103 ai toate codurile CAEN actualizate la Rev. 3? Verific\u0103-le 100% gratuit,\n        direct pe datele oficiale de la Registrul Comer\u021bului, doar cu CUI-ul firmei tale.\n        Totul gata \u00een c\u00e2teva secunde!\n      <\/p>\n\n      <div class=\"scbc26-row\">\n        <a class=\"scbc26-cta\" href=\"https:\/\/startco.ro\/verifica-rev3?utm_source=banner_CAEN_blog_posts&amp;utm_medium=CTA_banner_CAEN&amp;utm_campaign=increase_awareness_verificare_CAEN\" target=\"_blank\" rel=\"noopener noreferrer\">\n          Verific\u0103 acum\n        <\/a>\n\n        <div class=\"scbc26-deadline\">\n          Termen limit\u0103: 25 septembrie!\n        <\/div>\n      <\/div>\n    <\/div>\n  <\/div>\n<\/div>\n\n\n\n<p class=\"wp-block-paragraph\">25 septembrie 2026 este termenul limit\u0103 p\u00e2n\u0103 la care peste 1 milion de firme, PFA-uri, II-uri \u0219i IF-uri din Rom\u00e2nia trebuie s\u0103-\u0219i treac\u0103 obiectul de activitate pe noua clasificare CAEN Rev. 3. Actualizarea de la CAEN Rev. 2 la CAEN Rev. 3 este obligatorie, dar ce se \u00eent\u00e2mpl\u0103, de fapt, dac\u0103 nu apuci s\u0103 o faci?<\/p>\n\n\n\n<p class=\"wp-block-paragraph\">Vestea (par\u021bial) bun\u0103 e c\u0103 nu exist\u0103 \u00eenc\u0103 o amend\u0103 pentru simpla dep\u0103\u0219ire a termenului. Vestea mai pu\u021bin bun\u0103 e c\u0103, \u00een practic\u0103, ri\u0219ti ceva ce te poate costa mai mult: blocaje administrative.<\/p>\n\n\n\n<div class=\"wp-block-yoast-seo-table-of-contents yoast-table-of-contents\"><h2>Cuprins<\/h2><ul><li><a href=\"#h-de-ce-termenul-limita-este-25-septembrie-2026\" data-level=\"2\">De ce termenul limit\u0103 este 25 septembrie 2026?<\/a><\/li><li><a href=\"#h-ce-ri\u0219ti-daca-nu-\u021bi-actualizezi-codurile-caen-la-timp\" data-level=\"2\">Ce ri\u0219ti dac\u0103 nu-\u021bi actualizezi codurile CAEN la timp?<\/a><\/li><li><a href=\"#h-ce-inseamna-amenda-de-5-000-35-000-lei\" data-level=\"2\">Ce \u00eenseamn\u0103 amenda de 5.000-35.000 lei?<\/a><\/li><li><a href=\"#h-ce-trebuie-sa-faci-ca-sa-evi\u021bi-blocajele\" data-level=\"2\">Ce trebuie s\u0103 faci ca s\u0103 evi\u021bi blocajele<\/a><\/li><\/ul><\/div>\n\n\n\n<h2 id=\"h-de-ce-termenul-limita-este-25-septembrie-2026\" class=\"wp-block-heading\"><strong>De ce termenul limit\u0103 este 25 septembrie 2026?<\/strong><\/h2>\n\n\n\n<p class=\"wp-block-paragraph\">Prin <a href=\"https:\/\/legislatie.just.ro\/Public\/DetaliiDocumentAfis\/295793\" target=\"_blank\" rel=\"noreferrer noopener\">Hot\u0103r\u00e2rea Guvernului nr. 284\/2025<\/a>, statul a acordat o perioad\u0103 de implementare de <strong>18 luni<\/strong>, calculat\u0103 de la <strong>25 martie 2025<\/strong>. Asta \u00eenseamn\u0103 c\u0103 <strong>25 septembrie 2026<\/strong> e data limit\u0103 p\u00e2n\u0103 la care autorit\u0103\u021bile mai accept\u0103 \u00een paralel ambele clasific\u0103ri (Rev. 2 \u0219i Rev. 3).<\/p>\n\n\n\n<p class=\"wp-block-paragraph\">Dac\u0103 \u021bi-ai \u00eenfiin\u021bat firma dup\u0103 1 ianuarie 2025, ai primit direct coduri Rev. 3, deci nu mai trebuie s\u0103 faci nimic. \u00cen schimb, dac\u0103 firma ta a fost \u00eenfiin\u021bat\u0103 \u00eenainte de aceast\u0103 dat\u0103, cel mai probabil ai \u00eenc\u0103 activit\u0103\u021bi \u00eenscrise pe vechea clasificare Rev. 2.<\/p>\n\n\n\n<p class=\"wp-block-paragraph\">Iar dac\u0103 vrei s\u0103-\u021bi actualizezi codurile CAEN la Rev. 3 chiar acum, \u021bi-am preg\u0103tit <a href=\"https:\/\/startco.ro\/blog\/caen-rev-3-ghid-complet-actualizare\/\" target=\"_blank\" rel=\"noreferrer noopener\">un ghid complet care acoper\u0103 to\u021bi pa\u0219ii<\/a>, dar \u0219i situa\u021biile speciale.<\/p>\n\n\n\n<p class=\"wp-block-paragraph\"><strong>Ce spune (\u0219i ce nu spune) legea despre sanc\u021biuni<\/strong><\/p>\n\n\n\n<p class=\"wp-block-paragraph\">S-a creat mult\u0103 confuzie \u00een jurul conversiei la CAEN Rev. 3, iar \u00een online au circulat termene limit\u0103, amenzi \u0219i sanc\u021biuni diferite care te pot induce \u00een eroare. Ca s\u0103 l\u0103murim lucrurile din start, <strong>actul normativ care stabile\u0219te termenul de 25 septembrie 2026 nu prevede nicio sanc\u021biune contraven\u021bional\u0103 sau amend\u0103 pentru dep\u0103\u0219irea acestui termen.<\/strong><\/p>\n\n\n\n<p class=\"wp-block-paragraph\">Mai simplu spus, pe 26 septembrie nu o s\u0103-\u021bi bat\u0103 la u\u0219\u0103 un inspector cu un proces-verbal pentru codurile CAEN neactualizate. Riscul real exist\u0103 \u0219i e chiar mai mare dec\u00e2t o simpl\u0103 amend\u0103: din 25 septembrie, ANAF va opera exclusiv cu Rev. 3, iar codurile tale vechi vor r\u0103m\u00e2ne \u00eenghe\u021bate \u00een acte.<\/p>\n\n\n\n<h2 id=\"h-ce-ri\u0219ti-daca-nu-\u021bi-actualizezi-codurile-caen-la-timp\" class=\"wp-block-heading\"><strong>Ce ri\u0219ti dac\u0103 nu-\u021bi actualizezi codurile CAEN la timp?<\/strong><\/h2>\n\n\n\n<p class=\"wp-block-paragraph\"><strong>La Registrul Comer\u021bului (ONRC)<\/strong><\/p>\n\n\n\n<p class=\"wp-block-paragraph\">Actualizarea CAEN e legat\u0103 de orice alt\u0103 cerere depus\u0103 la Registrul Comer\u021bului. Concret, dac\u0103 nu ai f\u0103cut deja actualizarea, nu vei putea depune:<\/p>\n\n\n\n<ul class=\"wp-block-list\">\n<li>schimbarea sediului social sau deschiderea unui punct de lucru;<\/li>\n\n\n\n<li>cooptarea sau retragerea unui asociat;\u00a0<\/li>\n\n\n\n<li>o cesiune de p\u0103r\u021bi sociale;<\/li>\n\n\n\n<li>schimbarea administratorului sau prelungirea mandatului;<\/li>\n\n\n\n<li>majorarea sau reducerea capitalului social;<\/li>\n\n\n\n<li>ad\u0103ugarea unei activit\u0103\u021bi noi \u0219i chiar dizolvarea firmei.<\/li>\n<\/ul>\n\n\n\n<p class=\"wp-block-paragraph\">Fiecare dintre aceste men\u021biuni va trebui depus\u0103 <strong>\u00eempreun\u0103 cu actualizarea CAEN<\/strong>, \u00een aceea\u0219i cerere. Cu alte cuvinte, orice modificare pe care ai am\u00e2nat-o te oblig\u0103 acum s\u0103 faci \u0219i actualizarea la Rev. 3 \u00een paralel, cu documenta\u021bia aferent\u0103.<\/p>\n\n\n\n<p class=\"wp-block-paragraph\"><strong>La banc\u0103 \u0219i la finan\u021b\u0103ri<\/strong><\/p>\n\n\n\n<p class=\"wp-block-paragraph\"><a href=\"https:\/\/startco.ro\/blog\/certificatul-constatator-ce-este-si-pentru-ce-il-folosesti\/\" target=\"_blank\" rel=\"noreferrer noopener\">Certificatul constatator<\/a> con\u021bine codurile tale CAEN, a\u0219a c\u0103 oricine \u00eel verific\u0103 vede c\u0103 nu sunt actualizate. B\u0103ncile, notarii \u0219i institu\u021biile care acord\u0103 finan\u021b\u0103ri (fonduri europene, programe guvernamentale, credite) <strong>pot verifica documentul<\/strong> \u0219i \u00eel <strong>pot considera neconform<\/strong> dac\u0103 mai con\u021bine coduri CAEN Rev. 2 dup\u0103 termenul limit\u0103.<\/p>\n\n\n\n<p class=\"wp-block-paragraph\">\u00cen practic\u0103, asta \u00eenseamn\u0103 \u00eent\u00e2rzieri sau chiar <strong>refuzul unei solicit\u0103ri de credit sau de finan\u021bare<\/strong> fix atunci c\u00e2nd ai mai mare nevoie de fonduri.<\/p>\n\n\n\n<p class=\"wp-block-paragraph\"><strong>\u00cen rela\u021bia cu ANAF \u0219i cu partenerii<\/strong><\/p>\n\n\n\n<p class=\"wp-block-paragraph\">Dup\u0103 25 septembrie 2026, autorit\u0103\u021bile lucreaz\u0103 exclusiv cu Rev. 3. Un cod vechi, neconvertit, poate genera <strong>erori \u0219i \u00eent\u00e2rzieri \u00een declara\u021bii<\/strong> sau \u00een verific\u0103rile de conformitate pe care le fac partenerii t\u0103i de afaceri \u00eenainte de a semna un contract nou.<\/p>\n\n\n\n<p class=\"wp-block-paragraph\"><strong><em>Exemplu concret: un SRL care vrea s\u0103-\u0219i schimbe sediul \u00een octombrie<\/em><\/strong><\/p>\n\n\n\n<p class=\"wp-block-paragraph\"><em>Ca s\u0103 vezi \u0219i mai clar cum arat\u0103 blocajul \u00een practic\u0103, s\u0103 presupunem c\u0103 ai un SRL cu coduri CAEN \u00eenc\u0103 pe Rev. 2, iar \u00een octombrie 2026 vrei s\u0103 mu\u021bi sediul social \u00eentr-un spa\u021biu nou.<\/em><\/p>\n\n\n\n<p class=\"wp-block-paragraph\"><em>Asta \u00eenseamn\u0103 c\u0103, pe l\u00e2ng\u0103 actele pentru sediu, mai ai de f\u0103cut maparea codurilor vechi pe noua clasificare, alegerea unui cod principal (dac\u0103 vechiul t\u0103u cod s-a \u00eemp\u0103r\u021bit \u00een mai multe coduri noi) \u0219i, eventual, o declara\u021bie de autorizare pentru codurile p\u0103strate.<\/em><\/p>\n\n\n\n<p class=\"wp-block-paragraph\"><em>Odat\u0103 ce solicitarea e complet\u0103 \u0219i \u00eenregistrat\u0103, registratorul o solu\u021bioneaz\u0103 \u00eentr-o zi lucr\u0103toare. Timpul pierdut nu vine \u00eens\u0103 din procedura ONRC \u00een sine, ci din preg\u0103tirea unei cereri mai complexe exact atunci c\u00e2nd te gr\u0103be\u0219ti s\u0103-\u021bi mu\u021bi sediul. Mai mult, dac\u0103 schimbarea sediului vine din motive fiscale (expirarea contractului, pierderea dreptului de proprietate sau de utilizare etc.), un asemenea blocaj poate duce la inactivitate fiscal\u0103 sau chiar la dizolvarea firmei.<\/em><\/p>\n\n\n\n<h2 id=\"h-ce-inseamna-amenda-de-5-000-35-000-lei\" class=\"wp-block-heading\"><strong>Ce \u00eenseamn\u0103 amenda de 5.000-35.000 lei?<\/strong><\/h2>\n\n\n\n<p class=\"wp-block-paragraph\">Cum spuneam mai sus, s-a creat destul\u0103 confuzie \u00een jurul subiectului, iar dovada e c\u0103 mul\u021bi antreprenori au \u00een\u021beles c\u0103 risc\u0103 <strong>o amend\u0103 \u00eentre 5.000 \u0219i 35.000 lei<\/strong> dac\u0103 nu-\u0219i actualizeaz\u0103 codurile la timp. Amenda e real\u0103, dar vine dintr-un <strong>temei legal complet diferit<\/strong>, \u0219i e important s\u0103 nu le confunzi.<\/p>\n\n\n\n<p class=\"wp-block-paragraph\"><a href=\"https:\/\/legislatie.just.ro\/public\/DetaliiDocument\/275745#:~:text=(9)%20Constituie,de%20persoane%20juridice.\" target=\"_blank\" rel=\"noreferrer noopener\">Conform legii nr. 296\/2023<\/a>, desf\u0103\u0219urarea unei activit\u0103\u021bi economice <strong>f\u0103r\u0103 a fi organizat conform legii (adic\u0103 <a href=\"https:\/\/startco.ro\/blog\/unde-pot-vedea-codurile-caen-autorizate-si-ce-sanctiuni-risc-pentru-codurile-nedeclarate-neautorizate\/\" target=\"_blank\" rel=\"noreferrer noopener\">f\u0103r\u0103 autorizarea real\u0103 a acelei activit\u0103\u021bi<\/a>)<\/strong> constituie contraven\u021bie \u0219i se sanc\u021bioneaz\u0103 cu amend\u0103 de la <strong>2.000 la 15.000 lei pentru persoane fizice<\/strong>, respectiv de la <strong>5.000 la 35.000 lei pentru persoane juridice<\/strong>. \u00cen caz de repetare, se poate ajunge la confiscarea bunurilor \u0219i la suspendarea activit\u0103\u021bii.<\/p>\n\n\n\n<p class=\"wp-block-paragraph\">Aceast\u0103 amend\u0103 nu are leg\u0103tur\u0103 cu termenul de 25 septembrie 2026. Ea exist\u0103 independent, dinainte de CAEN Rev. 3, \u0219i sanc\u021bioneaz\u0103 desf\u0103\u0219urarea unei activit\u0103\u021bi pentru care nu e\u0219ti autorizat deloc (de exemplu, activitate de alimenta\u021bie public\u0103 f\u0103r\u0103 autoriza\u021bia sanitar-veterinar\u0103, indiferent pe ce clasificare CAEN e trecut\u0103).<\/p>\n\n\n\n<figure class=\"wp-block-table\"><table class=\"has-fixed-layout\"><tbody><tr><td><strong>Situa\u021bie<\/strong><\/td><td><strong>E adev\u0103rat?<\/strong><\/td><td><strong>De ce<\/strong><\/td><\/tr><tr><td>Dac\u0103 nu actualizez p\u00e2n\u0103 pe 25 septembrie, primesc automat o amend\u0103.<\/td><td>Nu<\/td><td>Legea nu prevede nicio sanc\u021biune contraven\u021bional\u0103 pentru simpla dep\u0103\u0219ire a termenului.<\/td><\/tr><tr><td>Dup\u0103 25 septembrie nu mai pot depune nicio alt\u0103 cerere la ONRC f\u0103r\u0103 s\u0103 fac \u0219i actualizarea.<\/td><td>Da<\/td><td>Orice men\u021biune ulterioar\u0103 e condi\u021bionat\u0103 de actualizarea prealabil\u0103 la Rev. 3.<\/td><\/tr><tr><td>Dac\u0103 am coduri Rev. 2, activitatea mea devine automat neautorizat\u0103.<\/td><td>Nu<\/td><td>Vechile coduri r\u0103m\u00e2n o form\u0103 de \u00eenregistrare valid\u0103; amenda de 5.000\u201335.000 lei sanc\u021bioneaz\u0103 lipsa autoriz\u0103rii reale a activit\u0103\u021bii, indiferent de clasificare.<\/td><\/tr><tr><td>Banca sau finan\u021batorul poate respinge solicitarea din cauza codului vechi.<\/td><td>Posibil<\/td><td>Multe institu\u021bii verific\u0103 certificatul constatator \u0219i pot considera neconform un cod Rev. 2 depus dup\u0103 termen.<\/td><\/tr><\/tbody><\/table><\/figure>\n\n\n\n<h2 id=\"h-ce-trebuie-sa-faci-ca-sa-evi\u021bi-blocajele\" class=\"wp-block-heading\"><strong>Ce trebuie s\u0103 faci ca s\u0103 evi\u021bi blocajele<\/strong><\/h2>\n\n\n\n<ul class=\"wp-block-list\">\n<li><strong>Verific\u0103 situa\u021bia codurilor tale CAEN<\/strong>: dac\u0103 ai depus orice men\u021biune la ONRC dup\u0103 1 ianuarie 2025, e posibil s\u0103 fi primit deja codurile actualizate. Uit\u0103-te pe ultimul certificat constatator sau <a href=\"https:\/\/startco.ro\/verifica-rev3\" target=\"_blank\" rel=\"noreferrer noopener\">verific\u0103-\u021bi gratuit codurile, doar cu CUI-ul firmei<\/a>.<\/li>\n\n\n\n<li><strong>Folose\u0219te<\/strong> <a href=\"https:\/\/startco.ro\/corespondenta-caen\" target=\"_blank\" rel=\"noreferrer noopener\"><strong>tabelul de coresponden\u021b\u0103<\/strong><\/a> ca s\u0103 vezi exact \u00een ce coduri Rev. 3 se transform\u0103 activit\u0103\u021bile tale actuale.<\/li>\n\n\n\n<li><strong>Alege cu aten\u021bie codul principal<\/strong>: fiecare cod p\u0103strat \u00eenseamn\u0103 c\u0103 declari oficial c\u0103 respec\u021bi condi\u021biile legale pentru acea activitate. Dac\u0103 vechiul t\u0103u cod Rev. 2 s-a \u00eemp\u0103r\u021bit \u00een mai multe coduri Rev. 3, sistemul \u021bi le atribuie automat pe toate la preschimbare. Iar dac\u0103 vrei s\u0103 p\u0103strezi doar codul (sau codurile) care descriu cu adev\u0103rat activitatea ta, trebuie s\u0103 urmezi separat procedura de radiere a codurilor CAEN nedorite.<\/li>\n\n\n\n<li><strong>Depune cererea din timp<\/strong>, nu \u00een ultimele dou\u0103 s\u0103pt\u0103m\u00e2ni din septembrie, c\u00e2nd sistemul ONRC e cel mai aglomerat.<\/li>\n<\/ul>\n\n\n\n<p class=\"wp-block-paragraph\">Iar dac\u0103 vrei s\u0103 evi\u021bi b\u0103taia de cap cu documenta\u021bia (mai ales dac\u0103 ai \u0219i alte modific\u0103ri de f\u0103cut \u00een paralel), <a href=\"https:\/\/startco.ro\/actualizare-caen-rev3\" target=\"_blank\" rel=\"noreferrer noopener\"><strong>actualizeaz\u0103-\u021bi codurile CAEN la Rev. 3 cu ajutorul StartCo<\/strong><\/a>. Tot procesul e 100% online \u0219i gata \u00een doar c\u00e2teva zile, f\u0103r\u0103 drumuri la ONRC \u0219i f\u0103r\u0103 \u00eent\u00e2rzieri sau termene prelungite.<\/p>\n\n\n\n<div class=\"schema-faq wp-block-yoast-faq-block\"><div class=\"schema-faq-section\" id=\"faq-question-1788437512155\"><strong class=\"schema-faq-question\"><strong>Dac\u0103 firma mea e suspendat\u0103, mai trebuie s\u0103 fac actualizarea CAEN p\u00e2n\u0103 pe 25 septembrie 2026?<\/strong><\/strong> <p class=\"schema-faq-answer\">Nu, c\u00e2t timp firma r\u0103m\u00e2ne suspendat\u0103 \u0219i nu depui nimic la Registrul Comer\u021bului. Nu exist\u0103 o amend\u0103 separat\u0103 pentru dep\u0103\u0219irea termenului, iar blocajul administrativ se declan\u0219eaz\u0103 abia atunci c\u00e2nd depui o cerere la ONRC, nu doar pentru c\u0103 a trecut data de 25 septembrie. \u00cen practic\u0103, actualizarea CAEN te intereseaz\u0103 atunci c\u00e2nd reiei activitatea: cererea de reluare a activit\u0103\u021bii e o men\u021biune la Registrul Comer\u021bului \u0219i se supune aceleia\u0219i reguli generale, deci va trebui s\u0103 incluzi actualizarea CAEN \u00een aceea\u0219i solicitare. E ceva de care s\u0103 te ocupi la reluarea activit\u0103\u021bii, nu \u00een timp ce firma st\u0103 suspendat\u0103.<\/p> <\/div> <div class=\"schema-faq-section\" id=\"faq-question-1788437526923\"><strong class=\"schema-faq-question\"><strong>Dac\u0103 emit facturi sau semnez un contract nou pe un cod CAEN Rev. 2 dup\u0103 25 septembrie 2026, activitatea devine automat neautorizat\u0103?<\/strong><\/strong> <p class=\"schema-faq-answer\">Nu automat. Un cod r\u0103mas pe Rev. 2 nu-\u021bi transform\u0103 activitatea \u00eentr-una neautorizat\u0103 (amenda de 5.000-35.000 lei despre care am vorbit mai sus se aplic\u0103 atunci c\u00e2nd desf\u0103\u0219ori efectiv o activitate pentru care nu e\u0219ti organizat sau autorizat conform legii, ceea ce e o situa\u021bie diferit\u0103 de simpla clasificare veche a codului). Riscul real al codului vechi r\u0103m\u00e2ne cel administrativ: blocaje la ONRC \u0219i posibile neconcordan\u021be \u00een rela\u021bia cu banca sau cu ANAF.<\/p> <\/div> <div class=\"schema-faq-section\" id=\"faq-question-1788437541075\"><strong class=\"schema-faq-question\"><strong>Nu se ocup\u0103 contabilul meu de actualizarea CAEN?<\/strong><\/strong> <p class=\"schema-faq-answer\">Nu. Actualizarea la Rev. 3 e o men\u021biune la Registrul Comer\u021bului, nu o opera\u021biune contabil\u0103 sau fiscal\u0103 (nu \u021bine de ANAF sau de declara\u021bii, deci nu intr\u0103 automat \u00een sarcina contabilului). Contabilul te poate ajuta s\u0103 identifici codul potrivit pentru ce faci de fapt, \u00eens\u0103 depunerea cererii la ONRC r\u0103m\u00e2ne responsabilitatea ta.<\/p> <\/div> <div class=\"schema-faq-section\" id=\"faq-question-1788437555891\"><strong class=\"schema-faq-question\"><strong>Dac\u0103 mi-a r\u0103mas exact acela\u0219i cod CAEN \u0219i \u00een Rev. 3, tot trebuie s\u0103 fac ceva la ONRC?<\/strong><\/strong> <p class=\"schema-faq-answer\">Da. Chiar dac\u0103 num\u0103rul codului e identic, Registrul Comer\u021bului tot trebuie s\u0103 \u00eenregistreze explicit faptul c\u0103 firma a trecut prin conversie. P\u00e2n\u0103 nu depui cererea, \u00een sistemul ONRC r\u0103m\u00e2i \u00een continuare pe Rev. 2.<\/p> <\/div> <\/div>\n","protected":false},"excerpt":{"rendered":"<p>Afl\u0103 care sunt riscurile dac\u0103 nu-\u021bi actualizezi codurile CAEN la Rev. 3 p\u00e2n\u0103 la termenul-limit\u0103 \u0219i ce ai de f\u0103cut ca s\u0103 evi\u021bi blocajele administrative.<\/p>\n","protected":false},"author":11,"featured_media":22557,"comment_status":"open","ping_status":"open","sticky":false,"template":"","format":"standard","meta":{"_kad_blocks_custom_css":"","_kad_blocks_head_custom_js":"","_kad_blocks_body_custom_js":"","_kad_blocks_footer_custom_js":"","_kad_post_transparent":"","_kad_post_title":"","_kad_post_layout":"","_kad_post_sidebar_id":"","_kad_post_content_style":"","_kad_post_vertical_padding":"","_kad_post_feature":"","_kad_post_feature_position":"","_kad_post_header":false,"_kad_post_footer":false,"footnotes":""},"categories":[373],"tags":[22,870,438,15],"class_list":["post-22556","post","type-post","status-publish","format-standard","has-post-thumbnail","hentry","category-contabilitate-si-legislatie","tag-antreprenor","tag-caen-rev-3","tag-pfa","tag-srl"],"yoast_head":"<!-- This site is optimized with the Yoast SEO Premium plugin v28.4 (Yoast SEO v28.4) - https:\/\/yoast.com\/product\/yoast-seo-premium-wordpress\/ -->\n<title>Ce ri\u0219ti dac\u0103 nu-\u021bi actualizezi codurile CAEN la Rev. 3<\/title>\n<meta name=\"description\" content=\"Vezi care sunt, de fapt, urm\u0103rile dac\u0103 nu-\u021bi actualizezi codurile CAEN din firm\u0103 la Rev. 3 p\u00e2n\u0103 la termenul limit\u0103.\" \/>\n<meta name=\"robots\" content=\"index, follow, max-snippet:-1, max-image-preview:large, max-video-preview:-1\" \/>\n<link rel=\"canonical\" href=\"https:\/\/startco.ro\/blog\/caen-rev-3-sanctiuni\/\" \/>\n<meta property=\"og:locale\" content=\"ro_RO\" \/>\n<meta property=\"og:type\" content=\"article\" \/>\n<meta property=\"og:title\" content=\"CAEN Rev. 3: ce ri\u0219ti dac\u0103 nu-\u021bi actualizezi codurile la timp\" \/>\n<meta property=\"og:description\" content=\"Vezi care sunt, de fapt, urm\u0103rile dac\u0103 nu-\u021bi actualizezi codurile CAEN din firm\u0103 la Rev. 3 p\u00e2n\u0103 la termenul limit\u0103.\" \/>\n<meta property=\"og:url\" content=\"https:\/\/startco.ro\/blog\/caen-rev-3-sanctiuni\/\" \/>\n<meta property=\"og:site_name\" content=\"StartCo\" \/>\n<meta property=\"article:publisher\" content=\"https:\/\/www.facebook.com\/StartCo.ro\/\" \/>\n<meta property=\"article:published_time\" content=\"2026-09-03T12:40:44+00:00\" \/>\n<meta property=\"article:modified_time\" content=\"2026-09-03T12:40:46+00:00\" \/>\n<meta property=\"og:image\" content=\"https:\/\/startco.ro\/blog\/wp-content\/uploads\/sanctiuni-actualizare-caen-rev-3.png\" \/>\n\t<meta property=\"og:image:width\" content=\"2240\" \/>\n\t<meta property=\"og:image:height\" content=\"1260\" \/>\n\t<meta property=\"og:image:type\" content=\"image\/png\" \/>\n<meta name=\"author\" content=\"Vlad Turiceanu\" \/>\n<meta name=\"twitter:card\" content=\"summary_large_image\" \/>\n<meta name=\"twitter:creator\" content=\"@StartCo_ro\" \/>\n<meta name=\"twitter:site\" content=\"@StartCo_ro\" \/>\n<meta name=\"twitter:label1\" content=\"Scris de\" \/>\n\t<meta name=\"twitter:data1\" content=\"Vlad Turiceanu\" \/>\n\t<meta name=\"twitter:label2\" content=\"Timp estimat pentru citire\" \/>\n\t<meta name=\"twitter:data2\" content=\"9 minute\" \/>\n<script type=\"application\/ld+json\" class=\"yoast-schema-graph\">{\"@context\":\"https:\\\/\\\/schema.org\",\"@graph\":[{\"@type\":\"Article\",\"@id\":\"https:\\\/\\\/startco.ro\\\/blog\\\/caen-rev-3-sanctiuni\\\/#article\",\"isPartOf\":{\"@id\":\"https:\\\/\\\/startco.ro\\\/blog\\\/caen-rev-3-sanctiuni\\\/\"},\"author\":{\"name\":\"Vlad Turiceanu\",\"@id\":\"https:\\\/\\\/startco.ro\\\/blog\\\/#\\\/schema\\\/person\\\/8615a319f36807642294ded7dabfb46f\"},\"headline\":\"CAEN Rev. 3: ce ri\u0219ti dac\u0103 nu-\u021bi actualizezi codurile la timp\",\"datePublished\":\"2026-09-03T12:40:44+00:00\",\"dateModified\":\"2026-09-03T12:40:46+00:00\",\"mainEntityOfPage\":{\"@id\":\"https:\\\/\\\/startco.ro\\\/blog\\\/caen-rev-3-sanctiuni\\\/\"},\"wordCount\":1690,\"commentCount\":0,\"publisher\":{\"@id\":\"https:\\\/\\\/startco.ro\\\/blog\\\/#organization\"},\"image\":{\"@id\":\"https:\\\/\\\/startco.ro\\\/blog\\\/caen-rev-3-sanctiuni\\\/#primaryimage\"},\"thumbnailUrl\":\"https:\\\/\\\/startco.ro\\\/blog\\\/wp-content\\\/uploads\\\/sanctiuni-actualizare-caen-rev-3.png\",\"keywords\":[\"antreprenor\",\"CAEN Rev 3\",\"pfa\",\"srl\"],\"articleSection\":[\"Contabilitate &amp; legisla\u021bie pe limba ta\"],\"inLanguage\":\"ro-RO\",\"potentialAction\":[{\"@type\":\"CommentAction\",\"name\":\"Comment\",\"target\":[\"https:\\\/\\\/startco.ro\\\/blog\\\/caen-rev-3-sanctiuni\\\/#respond\"]}],\"accessibilityFeature\":[\"tableOfContents\"]},{\"@type\":[\"WebPage\",\"FAQPage\"],\"@id\":\"https:\\\/\\\/startco.ro\\\/blog\\\/caen-rev-3-sanctiuni\\\/\",\"url\":\"https:\\\/\\\/startco.ro\\\/blog\\\/caen-rev-3-sanctiuni\\\/\",\"name\":\"Ce ri\u0219ti dac\u0103 nu-\u021bi actualizezi codurile CAEN la Rev. 3\",\"isPartOf\":{\"@id\":\"https:\\\/\\\/startco.ro\\\/blog\\\/#website\"},\"primaryImageOfPage\":{\"@id\":\"https:\\\/\\\/startco.ro\\\/blog\\\/caen-rev-3-sanctiuni\\\/#primaryimage\"},\"image\":{\"@id\":\"https:\\\/\\\/startco.ro\\\/blog\\\/caen-rev-3-sanctiuni\\\/#primaryimage\"},\"thumbnailUrl\":\"https:\\\/\\\/startco.ro\\\/blog\\\/wp-content\\\/uploads\\\/sanctiuni-actualizare-caen-rev-3.png\",\"datePublished\":\"2026-09-03T12:40:44+00:00\",\"dateModified\":\"2026-09-03T12:40:46+00:00\",\"description\":\"Vezi care sunt, de fapt, urm\u0103rile dac\u0103 nu-\u021bi actualizezi codurile CAEN din firm\u0103 la Rev. 3 p\u00e2n\u0103 la termenul limit\u0103.\",\"breadcrumb\":{\"@id\":\"https:\\\/\\\/startco.ro\\\/blog\\\/caen-rev-3-sanctiuni\\\/#breadcrumb\"},\"mainEntity\":[{\"@id\":\"https:\\\/\\\/startco.ro\\\/blog\\\/caen-rev-3-sanctiuni\\\/#faq-question-1788437512155\"},{\"@id\":\"https:\\\/\\\/startco.ro\\\/blog\\\/caen-rev-3-sanctiuni\\\/#faq-question-1788437526923\"},{\"@id\":\"https:\\\/\\\/startco.ro\\\/blog\\\/caen-rev-3-sanctiuni\\\/#faq-question-1788437541075\"},{\"@id\":\"https:\\\/\\\/startco.ro\\\/blog\\\/caen-rev-3-sanctiuni\\\/#faq-question-1788437555891\"}],\"inLanguage\":\"ro-RO\",\"potentialAction\":[{\"@type\":\"ReadAction\",\"target\":[\"https:\\\/\\\/startco.ro\\\/blog\\\/caen-rev-3-sanctiuni\\\/\"]}]},{\"@type\":\"ImageObject\",\"inLanguage\":\"ro-RO\",\"@id\":\"https:\\\/\\\/startco.ro\\\/blog\\\/caen-rev-3-sanctiuni\\\/#primaryimage\",\"url\":\"https:\\\/\\\/startco.ro\\\/blog\\\/wp-content\\\/uploads\\\/sanctiuni-actualizare-caen-rev-3.png\",\"contentUrl\":\"https:\\\/\\\/startco.ro\\\/blog\\\/wp-content\\\/uploads\\\/sanctiuni-actualizare-caen-rev-3.png\",\"width\":2240,\"height\":1260,\"caption\":\"riscuri actualizare caen rev 3\"},{\"@type\":\"BreadcrumbList\",\"@id\":\"https:\\\/\\\/startco.ro\\\/blog\\\/caen-rev-3-sanctiuni\\\/#breadcrumb\",\"itemListElement\":[{\"@type\":\"ListItem\",\"position\":1,\"name\":\"Acas\u0103\",\"item\":\"https:\\\/\\\/startco.ro\\\/blog\\\/\"},{\"@type\":\"ListItem\",\"position\":2,\"name\":\"Contabilitate &amp; legisla\u021bie pe limba ta\",\"item\":\"https:\\\/\\\/startco.ro\\\/blog\\\/contabilitate-si-legislatie\\\/\"},{\"@type\":\"ListItem\",\"position\":3,\"name\":\"CAEN Rev. 3: ce ri\u0219ti dac\u0103 nu-\u021bi actualizezi codurile la timp\"}]},{\"@type\":\"WebSite\",\"@id\":\"https:\\\/\\\/startco.ro\\\/blog\\\/#website\",\"url\":\"https:\\\/\\\/startco.ro\\\/blog\\\/\",\"name\":\"StartCo\",\"description\":\"Informa\u021bii mereu actualizate pentru afacerea ta\",\"publisher\":{\"@id\":\"https:\\\/\\\/startco.ro\\\/blog\\\/#organization\"},\"potentialAction\":[{\"@type\":\"SearchAction\",\"target\":{\"@type\":\"EntryPoint\",\"urlTemplate\":\"https:\\\/\\\/startco.ro\\\/blog\\\/?s={search_term_string}\"},\"query-input\":{\"@type\":\"PropertyValueSpecification\",\"valueRequired\":true,\"valueName\":\"search_term_string\"}}],\"inLanguage\":\"ro-RO\"},{\"@type\":\"Organization\",\"@id\":\"https:\\\/\\\/startco.ro\\\/blog\\\/#organization\",\"name\":\"StartCo\",\"url\":\"https:\\\/\\\/startco.ro\\\/blog\\\/\",\"logo\":{\"@type\":\"ImageObject\",\"inLanguage\":\"ro-RO\",\"@id\":\"https:\\\/\\\/startco.ro\\\/blog\\\/#\\\/schema\\\/logo\\\/image\\\/\",\"url\":\"https:\\\/\\\/startco.ro\\\/blog\\\/wp-content\\\/uploads\\\/logo_social_image.png\",\"contentUrl\":\"https:\\\/\\\/startco.ro\\\/blog\\\/wp-content\\\/uploads\\\/logo_social_image.png\",\"width\":200,\"height\":200,\"caption\":\"StartCo\"},\"image\":{\"@id\":\"https:\\\/\\\/startco.ro\\\/blog\\\/#\\\/schema\\\/logo\\\/image\\\/\"},\"sameAs\":[\"https:\\\/\\\/www.facebook.com\\\/StartCo.ro\\\/\",\"https:\\\/\\\/x.com\\\/StartCo_ro\",\"https:\\\/\\\/www.instagram.com\\\/startco.ro\\\/\",\"https:\\\/\\\/www.linkedin.com\\\/company\\\/startco\\\/\",\"https:\\\/\\\/www.youtube.com\\\/@startco-ro\",\"https:\\\/\\\/www.tiktok.com\\\/@startco.ro\",\"https:\\\/\\\/www.reddit.com\\\/user\\\/StartCo-RO\"],\"description\":\"StartCo este o platform\u0103 digital\u0103 complet\u0103 pentru antreprenorii din Rom\u00e2nia. Oferim servicii rapide \u0219i 100% online de \u00eenfiin\u021bare \u0219i modificare firm\u0103 (SRL, PFA, II), facturare electronic\u0103, contabilitate \u0219i consultan\u021b\u0103 fiscal\u0103. Cu ajutorul tehnologiei, elimin\u0103m birocra\u021bia \u0219i facem antreprenoriatul mai simplu, mai accesibil \u0219i mai eficient.\",\"email\":\"contact@startco.ro\",\"telephone\":\"0371 700 410\",\"legalName\":\"StartCo\",\"numberOfEmployees\":{\"@type\":\"QuantitativeValue\",\"minValue\":\"51\",\"maxValue\":\"200\"}},{\"@type\":\"Person\",\"@id\":\"https:\\\/\\\/startco.ro\\\/blog\\\/#\\\/schema\\\/person\\\/8615a319f36807642294ded7dabfb46f\",\"name\":\"Vlad Turiceanu\",\"image\":{\"@type\":\"ImageObject\",\"inLanguage\":\"ro-RO\",\"@id\":\"https:\\\/\\\/startco.ro\\\/blog\\\/wp-content\\\/uploads\\\/avatar_user_11_1756126119-96x96.png\",\"url\":\"https:\\\/\\\/startco.ro\\\/blog\\\/wp-content\\\/uploads\\\/avatar_user_11_1756126119-96x96.png\",\"contentUrl\":\"https:\\\/\\\/startco.ro\\\/blog\\\/wp-content\\\/uploads\\\/avatar_user_11_1756126119-96x96.png\",\"caption\":\"Vlad Turiceanu\"},\"description\":\"Cu o experien\u021b\u0103 de peste 10 ani \u00een content, marketing, tehnologie \u0219i digitalizare, transform zona de business din Rom\u00e2nia \u00eentr-un peisaj u\u0219or accesibil tuturor antreprenorilor.\",\"honorificPrefix\":\"MR\",\"birthDate\":\"1990-03-05\",\"gender\":\"male\",\"knowsAbout\":[\"content\",\"marketing\",\"SEO\",\"technology\",\"journalism\"],\"knowsLanguage\":[\"English\",\"Romanian\"],\"jobTitle\":\"content & marketing specialist\",\"worksFor\":\"StartCo\"},{\"@type\":\"Question\",\"@id\":\"https:\\\/\\\/startco.ro\\\/blog\\\/caen-rev-3-sanctiuni\\\/#faq-question-1788437512155\",\"position\":1,\"url\":\"https:\\\/\\\/startco.ro\\\/blog\\\/caen-rev-3-sanctiuni\\\/#faq-question-1788437512155\",\"name\":\"Dac\u0103 firma mea e suspendat\u0103, mai trebuie s\u0103 fac actualizarea CAEN p\u00e2n\u0103 pe 25 septembrie 2026?\",\"answerCount\":1,\"acceptedAnswer\":{\"@type\":\"Answer\",\"text\":\"Nu, c\u00e2t timp firma r\u0103m\u00e2ne suspendat\u0103 \u0219i nu depui nimic la Registrul Comer\u021bului. Nu exist\u0103 o amend\u0103 separat\u0103 pentru dep\u0103\u0219irea termenului, iar blocajul administrativ se declan\u0219eaz\u0103 abia atunci c\u00e2nd depui o cerere la ONRC, nu doar pentru c\u0103 a trecut data de 25 septembrie. \u00cen practic\u0103, actualizarea CAEN te intereseaz\u0103 atunci c\u00e2nd reiei activitatea: cererea de reluare a activit\u0103\u021bii e o men\u021biune la Registrul Comer\u021bului \u0219i se supune aceleia\u0219i reguli generale, deci va trebui s\u0103 incluzi actualizarea CAEN \u00een aceea\u0219i solicitare. E ceva de care s\u0103 te ocupi la reluarea activit\u0103\u021bii, nu \u00een timp ce firma st\u0103 suspendat\u0103.\",\"inLanguage\":\"ro-RO\"},\"inLanguage\":\"ro-RO\"},{\"@type\":\"Question\",\"@id\":\"https:\\\/\\\/startco.ro\\\/blog\\\/caen-rev-3-sanctiuni\\\/#faq-question-1788437526923\",\"position\":2,\"url\":\"https:\\\/\\\/startco.ro\\\/blog\\\/caen-rev-3-sanctiuni\\\/#faq-question-1788437526923\",\"name\":\"Dac\u0103 emit facturi sau semnez un contract nou pe un cod CAEN Rev. 2 dup\u0103 25 septembrie 2026, activitatea devine automat neautorizat\u0103?\",\"answerCount\":1,\"acceptedAnswer\":{\"@type\":\"Answer\",\"text\":\"Nu automat. Un cod r\u0103mas pe Rev. 2 nu-\u021bi transform\u0103 activitatea \u00eentr-una neautorizat\u0103 (amenda de 5.000-35.000 lei despre care am vorbit mai sus se aplic\u0103 atunci c\u00e2nd desf\u0103\u0219ori efectiv o activitate pentru care nu e\u0219ti organizat sau autorizat conform legii, ceea ce e o situa\u021bie diferit\u0103 de simpla clasificare veche a codului). Riscul real al codului vechi r\u0103m\u00e2ne cel administrativ: blocaje la ONRC \u0219i posibile neconcordan\u021be \u00een rela\u021bia cu banca sau cu ANAF.\",\"inLanguage\":\"ro-RO\"},\"inLanguage\":\"ro-RO\"},{\"@type\":\"Question\",\"@id\":\"https:\\\/\\\/startco.ro\\\/blog\\\/caen-rev-3-sanctiuni\\\/#faq-question-1788437541075\",\"position\":3,\"url\":\"https:\\\/\\\/startco.ro\\\/blog\\\/caen-rev-3-sanctiuni\\\/#faq-question-1788437541075\",\"name\":\"Nu se ocup\u0103 contabilul meu de actualizarea CAEN?\",\"answerCount\":1,\"acceptedAnswer\":{\"@type\":\"Answer\",\"text\":\"Nu. Actualizarea la Rev. 3 e o men\u021biune la Registrul Comer\u021bului, nu o opera\u021biune contabil\u0103 sau fiscal\u0103 (nu \u021bine de ANAF sau de declara\u021bii, deci nu intr\u0103 automat \u00een sarcina contabilului). Contabilul te poate ajuta s\u0103 identifici codul potrivit pentru ce faci de fapt, \u00eens\u0103 depunerea cererii la ONRC r\u0103m\u00e2ne responsabilitatea ta.\",\"inLanguage\":\"ro-RO\"},\"inLanguage\":\"ro-RO\"},{\"@type\":\"Question\",\"@id\":\"https:\\\/\\\/startco.ro\\\/blog\\\/caen-rev-3-sanctiuni\\\/#faq-question-1788437555891\",\"position\":4,\"url\":\"https:\\\/\\\/startco.ro\\\/blog\\\/caen-rev-3-sanctiuni\\\/#faq-question-1788437555891\",\"name\":\"Dac\u0103 mi-a r\u0103mas exact acela\u0219i cod CAEN \u0219i \u00een Rev. 3, tot trebuie s\u0103 fac ceva la ONRC?\",\"answerCount\":1,\"acceptedAnswer\":{\"@type\":\"Answer\",\"text\":\"Da. Chiar dac\u0103 num\u0103rul codului e identic, Registrul Comer\u021bului tot trebuie s\u0103 \u00eenregistreze explicit faptul c\u0103 firma a trecut prin conversie. P\u00e2n\u0103 nu depui cererea, \u00een sistemul ONRC r\u0103m\u00e2i \u00een continuare pe Rev. 2.\",\"inLanguage\":\"ro-RO\"},\"inLanguage\":\"ro-RO\"}]}<\/script>\n<!-- \/ Yoast SEO Premium plugin. -->","yoast_head_json":{"title":"Ce ri\u0219ti dac\u0103 nu-\u021bi actualizezi codurile CAEN la Rev. 3","description":"Vezi care sunt, de fapt, urm\u0103rile dac\u0103 nu-\u021bi actualizezi codurile CAEN din firm\u0103 la Rev. 3 p\u00e2n\u0103 la termenul limit\u0103.","robots":{"index":"index","follow":"follow","max-snippet":"max-snippet:-1","max-image-preview":"max-image-preview:large","max-video-preview":"max-video-preview:-1"},"canonical":"https:\/\/startco.ro\/blog\/caen-rev-3-sanctiuni\/","og_locale":"ro_RO","og_type":"article","og_title":"CAEN Rev. 3: ce ri\u0219ti dac\u0103 nu-\u021bi actualizezi codurile la timp","og_description":"Vezi care sunt, de fapt, urm\u0103rile dac\u0103 nu-\u021bi actualizezi codurile CAEN din firm\u0103 la Rev. 3 p\u00e2n\u0103 la termenul limit\u0103.","og_url":"https:\/\/startco.ro\/blog\/caen-rev-3-sanctiuni\/","og_site_name":"StartCo","article_publisher":"https:\/\/www.facebook.com\/StartCo.ro\/","article_published_time":"2026-09-03T12:40:44+00:00","article_modified_time":"2026-09-03T12:40:46+00:00","og_image":[{"width":2240,"height":1260,"url":"https:\/\/startco.ro\/blog\/wp-content\/uploads\/sanctiuni-actualizare-caen-rev-3.png","type":"image\/png"}],"author":"Vlad Turiceanu","twitter_card":"summary_large_image","twitter_creator":"@StartCo_ro","twitter_site":"@StartCo_ro","twitter_misc":{"Scris de":"Vlad Turiceanu","Timp estimat pentru citire":"9 minute"},"schema":{"@context":"https:\/\/schema.org","@graph":[{"@type":"Article","@id":"https:\/\/startco.ro\/blog\/caen-rev-3-sanctiuni\/#article","isPartOf":{"@id":"https:\/\/startco.ro\/blog\/caen-rev-3-sanctiuni\/"},"author":{"name":"Vlad Turiceanu","@id":"https:\/\/startco.ro\/blog\/#\/schema\/person\/8615a319f36807642294ded7dabfb46f"},"headline":"CAEN Rev. 3: ce ri\u0219ti dac\u0103 nu-\u021bi actualizezi codurile la timp","datePublished":"2026-09-03T12:40:44+00:00","dateModified":"2026-09-03T12:40:46+00:00","mainEntityOfPage":{"@id":"https:\/\/startco.ro\/blog\/caen-rev-3-sanctiuni\/"},"wordCount":1690,"commentCount":0,"publisher":{"@id":"https:\/\/startco.ro\/blog\/#organization"},"image":{"@id":"https:\/\/startco.ro\/blog\/caen-rev-3-sanctiuni\/#primaryimage"},"thumbnailUrl":"https:\/\/startco.ro\/blog\/wp-content\/uploads\/sanctiuni-actualizare-caen-rev-3.png","keywords":["antreprenor","CAEN Rev 3","pfa","srl"],"articleSection":["Contabilitate &amp; legisla\u021bie pe limba ta"],"inLanguage":"ro-RO","potentialAction":[{"@type":"CommentAction","name":"Comment","target":["https:\/\/startco.ro\/blog\/caen-rev-3-sanctiuni\/#respond"]}],"accessibilityFeature":["tableOfContents"]},{"@type":["WebPage","FAQPage"],"@id":"https:\/\/startco.ro\/blog\/caen-rev-3-sanctiuni\/","url":"https:\/\/startco.ro\/blog\/caen-rev-3-sanctiuni\/","name":"Ce ri\u0219ti dac\u0103 nu-\u021bi actualizezi codurile CAEN la Rev. 3","isPartOf":{"@id":"https:\/\/startco.ro\/blog\/#website"},"primaryImageOfPage":{"@id":"https:\/\/startco.ro\/blog\/caen-rev-3-sanctiuni\/#primaryimage"},"image":{"@id":"https:\/\/startco.ro\/blog\/caen-rev-3-sanctiuni\/#primaryimage"},"thumbnailUrl":"https:\/\/startco.ro\/blog\/wp-content\/uploads\/sanctiuni-actualizare-caen-rev-3.png","datePublished":"2026-09-03T12:40:44+00:00","dateModified":"2026-09-03T12:40:46+00:00","description":"Vezi care sunt, de fapt, urm\u0103rile dac\u0103 nu-\u021bi actualizezi codurile CAEN din firm\u0103 la Rev. 3 p\u00e2n\u0103 la termenul limit\u0103.","breadcrumb":{"@id":"https:\/\/startco.ro\/blog\/caen-rev-3-sanctiuni\/#breadcrumb"},"mainEntity":[{"@id":"https:\/\/startco.ro\/blog\/caen-rev-3-sanctiuni\/#faq-question-1788437512155"},{"@id":"https:\/\/startco.ro\/blog\/caen-rev-3-sanctiuni\/#faq-question-1788437526923"},{"@id":"https:\/\/startco.ro\/blog\/caen-rev-3-sanctiuni\/#faq-question-1788437541075"},{"@id":"https:\/\/startco.ro\/blog\/caen-rev-3-sanctiuni\/#faq-question-1788437555891"}],"inLanguage":"ro-RO","potentialAction":[{"@type":"ReadAction","target":["https:\/\/startco.ro\/blog\/caen-rev-3-sanctiuni\/"]}]},{"@type":"ImageObject","inLanguage":"ro-RO","@id":"https:\/\/startco.ro\/blog\/caen-rev-3-sanctiuni\/#primaryimage","url":"https:\/\/startco.ro\/blog\/wp-content\/uploads\/sanctiuni-actualizare-caen-rev-3.png","contentUrl":"https:\/\/startco.ro\/blog\/wp-content\/uploads\/sanctiuni-actualizare-caen-rev-3.png","width":2240,"height":1260,"caption":"riscuri actualizare caen rev 3"},{"@type":"BreadcrumbList","@id":"https:\/\/startco.ro\/blog\/caen-rev-3-sanctiuni\/#breadcrumb","itemListElement":[{"@type":"ListItem","position":1,"name":"Acas\u0103","item":"https:\/\/startco.ro\/blog\/"},{"@type":"ListItem","position":2,"name":"Contabilitate &amp; legisla\u021bie pe limba ta","item":"https:\/\/startco.ro\/blog\/contabilitate-si-legislatie\/"},{"@type":"ListItem","position":3,"name":"CAEN Rev. 3: ce ri\u0219ti dac\u0103 nu-\u021bi actualizezi codurile la timp"}]},{"@type":"WebSite","@id":"https:\/\/startco.ro\/blog\/#website","url":"https:\/\/startco.ro\/blog\/","name":"StartCo","description":"Informa\u021bii mereu actualizate pentru afacerea ta","publisher":{"@id":"https:\/\/startco.ro\/blog\/#organization"},"potentialAction":[{"@type":"SearchAction","target":{"@type":"EntryPoint","urlTemplate":"https:\/\/startco.ro\/blog\/?s={search_term_string}"},"query-input":{"@type":"PropertyValueSpecification","valueRequired":true,"valueName":"search_term_string"}}],"inLanguage":"ro-RO"},{"@type":"Organization","@id":"https:\/\/startco.ro\/blog\/#organization","name":"StartCo","url":"https:\/\/startco.ro\/blog\/","logo":{"@type":"ImageObject","inLanguage":"ro-RO","@id":"https:\/\/startco.ro\/blog\/#\/schema\/logo\/image\/","url":"https:\/\/startco.ro\/blog\/wp-content\/uploads\/logo_social_image.png","contentUrl":"https:\/\/startco.ro\/blog\/wp-content\/uploads\/logo_social_image.png","width":200,"height":200,"caption":"StartCo"},"image":{"@id":"https:\/\/startco.ro\/blog\/#\/schema\/logo\/image\/"},"sameAs":["https:\/\/www.facebook.com\/StartCo.ro\/","https:\/\/x.com\/StartCo_ro","https:\/\/www.instagram.com\/startco.ro\/","https:\/\/www.linkedin.com\/company\/startco\/","https:\/\/www.youtube.com\/@startco-ro","https:\/\/www.tiktok.com\/@startco.ro","https:\/\/www.reddit.com\/user\/StartCo-RO"],"description":"StartCo este o platform\u0103 digital\u0103 complet\u0103 pentru antreprenorii din Rom\u00e2nia. Oferim servicii rapide \u0219i 100% online de \u00eenfiin\u021bare \u0219i modificare firm\u0103 (SRL, PFA, II), facturare electronic\u0103, contabilitate \u0219i consultan\u021b\u0103 fiscal\u0103. Cu ajutorul tehnologiei, elimin\u0103m birocra\u021bia \u0219i facem antreprenoriatul mai simplu, mai accesibil \u0219i mai eficient.","email":"contact@startco.ro","telephone":"0371 700 410","legalName":"StartCo","numberOfEmployees":{"@type":"QuantitativeValue","minValue":"51","maxValue":"200"}},{"@type":"Person","@id":"https:\/\/startco.ro\/blog\/#\/schema\/person\/8615a319f36807642294ded7dabfb46f","name":"Vlad Turiceanu","image":{"@type":"ImageObject","inLanguage":"ro-RO","@id":"https:\/\/startco.ro\/blog\/wp-content\/uploads\/avatar_user_11_1756126119-96x96.png","url":"https:\/\/startco.ro\/blog\/wp-content\/uploads\/avatar_user_11_1756126119-96x96.png","contentUrl":"https:\/\/startco.ro\/blog\/wp-content\/uploads\/avatar_user_11_1756126119-96x96.png","caption":"Vlad Turiceanu"},"description":"Cu o experien\u021b\u0103 de peste 10 ani \u00een content, marketing, tehnologie \u0219i digitalizare, transform zona de business din Rom\u00e2nia \u00eentr-un peisaj u\u0219or accesibil tuturor antreprenorilor.","honorificPrefix":"MR","birthDate":"1990-03-05","gender":"male","knowsAbout":["content","marketing","SEO","technology","journalism"],"knowsLanguage":["English","Romanian"],"jobTitle":"content & marketing specialist","worksFor":"StartCo"},{"@type":"Question","@id":"https:\/\/startco.ro\/blog\/caen-rev-3-sanctiuni\/#faq-question-1788437512155","position":1,"url":"https:\/\/startco.ro\/blog\/caen-rev-3-sanctiuni\/#faq-question-1788437512155","name":"Dac\u0103 firma mea e suspendat\u0103, mai trebuie s\u0103 fac actualizarea CAEN p\u00e2n\u0103 pe 25 septembrie 2026?","answerCount":1,"acceptedAnswer":{"@type":"Answer","text":"Nu, c\u00e2t timp firma r\u0103m\u00e2ne suspendat\u0103 \u0219i nu depui nimic la Registrul Comer\u021bului. Nu exist\u0103 o amend\u0103 separat\u0103 pentru dep\u0103\u0219irea termenului, iar blocajul administrativ se declan\u0219eaz\u0103 abia atunci c\u00e2nd depui o cerere la ONRC, nu doar pentru c\u0103 a trecut data de 25 septembrie. \u00cen practic\u0103, actualizarea CAEN te intereseaz\u0103 atunci c\u00e2nd reiei activitatea: cererea de reluare a activit\u0103\u021bii e o men\u021biune la Registrul Comer\u021bului \u0219i se supune aceleia\u0219i reguli generale, deci va trebui s\u0103 incluzi actualizarea CAEN \u00een aceea\u0219i solicitare. E ceva de care s\u0103 te ocupi la reluarea activit\u0103\u021bii, nu \u00een timp ce firma st\u0103 suspendat\u0103.","inLanguage":"ro-RO"},"inLanguage":"ro-RO"},{"@type":"Question","@id":"https:\/\/startco.ro\/blog\/caen-rev-3-sanctiuni\/#faq-question-1788437526923","position":2,"url":"https:\/\/startco.ro\/blog\/caen-rev-3-sanctiuni\/#faq-question-1788437526923","name":"Dac\u0103 emit facturi sau semnez un contract nou pe un cod CAEN Rev. 2 dup\u0103 25 septembrie 2026, activitatea devine automat neautorizat\u0103?","answerCount":1,"acceptedAnswer":{"@type":"Answer","text":"Nu automat. Un cod r\u0103mas pe Rev. 2 nu-\u021bi transform\u0103 activitatea \u00eentr-una neautorizat\u0103 (amenda de 5.000-35.000 lei despre care am vorbit mai sus se aplic\u0103 atunci c\u00e2nd desf\u0103\u0219ori efectiv o activitate pentru care nu e\u0219ti organizat sau autorizat conform legii, ceea ce e o situa\u021bie diferit\u0103 de simpla clasificare veche a codului). Riscul real al codului vechi r\u0103m\u00e2ne cel administrativ: blocaje la ONRC \u0219i posibile neconcordan\u021be \u00een rela\u021bia cu banca sau cu ANAF.","inLanguage":"ro-RO"},"inLanguage":"ro-RO"},{"@type":"Question","@id":"https:\/\/startco.ro\/blog\/caen-rev-3-sanctiuni\/#faq-question-1788437541075","position":3,"url":"https:\/\/startco.ro\/blog\/caen-rev-3-sanctiuni\/#faq-question-1788437541075","name":"Nu se ocup\u0103 contabilul meu de actualizarea CAEN?","answerCount":1,"acceptedAnswer":{"@type":"Answer","text":"Nu. Actualizarea la Rev. 3 e o men\u021biune la Registrul Comer\u021bului, nu o opera\u021biune contabil\u0103 sau fiscal\u0103 (nu \u021bine de ANAF sau de declara\u021bii, deci nu intr\u0103 automat \u00een sarcina contabilului). Contabilul te poate ajuta s\u0103 identifici codul potrivit pentru ce faci de fapt, \u00eens\u0103 depunerea cererii la ONRC r\u0103m\u00e2ne responsabilitatea ta.","inLanguage":"ro-RO"},"inLanguage":"ro-RO"},{"@type":"Question","@id":"https:\/\/startco.ro\/blog\/caen-rev-3-sanctiuni\/#faq-question-1788437555891","position":4,"url":"https:\/\/startco.ro\/blog\/caen-rev-3-sanctiuni\/#faq-question-1788437555891","name":"Dac\u0103 mi-a r\u0103mas exact acela\u0219i cod CAEN \u0219i \u00een Rev. 3, tot trebuie s\u0103 fac ceva la ONRC?","answerCount":1,"acceptedAnswer":{"@type":"Answer","text":"Da. Chiar dac\u0103 num\u0103rul codului e identic, Registrul Comer\u021bului tot trebuie s\u0103 \u00eenregistreze explicit faptul c\u0103 firma a trecut prin conversie. P\u00e2n\u0103 nu depui cererea, \u00een sistemul ONRC r\u0103m\u00e2i \u00een continuare pe Rev. 2.","inLanguage":"ro-RO"},"inLanguage":"ro-RO"}]}},"taxonomy_info":{"category":[{"value":373,"label":"Contabilitate &amp; legisla\u021bie pe limba ta"}],"post_tag":[{"value":22,"label":"antreprenor"},{"value":870,"label":"CAEN Rev 3"},{"value":438,"label":"pfa"},{"value":15,"label":"srl"}]},"featured_image_src_large":["https:\/\/startco.ro\/blog\/wp-content\/uploads\/sanctiuni-actualizare-caen-rev-3-1024x576.png",1024,576,true],"author_info":{"display_name":"Vlad Turiceanu","author_link":"https:\/\/startco.ro\/blog\/author\/vlad\/"},"comment_info":0,"category_info":[{"term_id":373,"name":"Contabilitate &amp; legisla\u021bie pe limba ta","slug":"contabilitate-si-legislatie","term_group":0,"term_taxonomy_id":373,"taxonomy":"category","description":"","parent":0,"count":127,"filter":"raw","cat_ID":373,"category_count":127,"category_description":"","cat_name":"Contabilitate &amp; legisla\u021bie pe limba ta","category_nicename":"contabilitate-si-legislatie","category_parent":0}],"tag_info":[{"term_id":22,"name":"antreprenor","slug":"antreprenor","term_group":0,"term_taxonomy_id":22,"taxonomy":"post_tag","description":"","parent":0,"count":240,"filter":"raw"},{"term_id":870,"name":"CAEN Rev 3","slug":"caen-rev-3","term_group":0,"term_taxonomy_id":870,"taxonomy":"post_tag","description":"","parent":0,"count":3,"filter":"raw"},{"term_id":438,"name":"pfa","slug":"pfa","term_group":0,"term_taxonomy_id":438,"taxonomy":"post_tag","description":"","parent":0,"count":31,"filter":"raw"},{"term_id":15,"name":"srl","slug":"srl","term_group":0,"term_taxonomy_id":15,"taxonomy":"post_tag","description":"","parent":0,"count":32,"filter":"raw"}],"_links":{"self":[{"href":"https:\/\/startco.ro\/blog\/wp-json\/wp\/v2\/posts\/22556","targetHints":{"allow":["GET"]}}],"collection":[{"href":"https:\/\/startco.ro\/blog\/wp-json\/wp\/v2\/posts"}],"about":[{"href":"https:\/\/startco.ro\/blog\/wp-json\/wp\/v2\/types\/post"}],"author":[{"embeddable":true,"href":"https:\/\/startco.ro\/blog\/wp-json\/wp\/v2\/users\/11"}],"replies":[{"embeddable":true,"href":"https:\/\/startco.ro\/blog\/wp-json\/wp\/v2\/comments?post=22556"}],"version-history":[{"count":2,"href":"https:\/\/startco.ro\/blog\/wp-json\/wp\/v2\/posts\/22556\/revisions"}],"predecessor-version":[{"id":22559,"href":"https:\/\/startco.ro\/blog\/wp-json\/wp\/v2\/posts\/22556\/revisions\/22559"}],"wp:featuredmedia":[{"embeddable":true,"href":"https:\/\/startco.ro\/blog\/wp-json\/wp\/v2\/media\/22557"}],"wp:attachment":[{"href":"https:\/\/startco.ro\/blog\/wp-json\/wp\/v2\/media?parent=22556"}],"wp:term":[{"taxonomy":"category","embeddable":true,"href":"https:\/\/startco.ro\/blog\/wp-json\/wp\/v2\/categories?post=22556"},{"taxonomy":"post_tag","embeddable":true,"href":"https:\/\/startco.ro\/blog\/wp-json\/wp\/v2\/tags?post=22556"}],"curies":[{"name":"wp","href":"https:\/\/api.w.org\/{rel}","templated":true}]}}